{"id":18223,"date":"2022-01-14T10:19:21","date_gmt":"2022-01-14T16:19:21","guid":{"rendered":"https:\/\/a3noticias.com.mx\/sandbox\/?p=18223"},"modified":"2022-01-14T10:19:23","modified_gmt":"2022-01-14T16:19:23","slug":"pronostican-fin-de-semana-frio","status":"publish","type":"post","link":"https:\/\/a3noticias.com.mx\/sandbox\/2022\/01\/14\/pronostican-fin-de-semana-frio\/","title":{"rendered":"Pronostican fin de semana fr\u00edo"},"content":{"rendered":"\n<p>La Coordinaci\u00f3n de Protecci\u00f3n Civil Municipal de Quer\u00e9taro inform\u00f3 que para este viernes se esperan temperaturas bajas en la capital queretana que van desde los dos grados celsius como m\u00ednimo, hasta los 26 grados como m\u00e1ximo.<\/p>\n\n\n\n<p>Lo anterior afirm\u00f3 Francisco Ram\u00edrez Santana, director de la dependencia, que es derivado del frente fr\u00edo n\u00famero 21, por lo que continuar\u00e1n las bajas temperaturas durante todo el fin de semana.<\/p>\n\n\n\n<blockquote class=\"wp-block-quote is-layout-flow wp-block-quote-is-layout-flow\"><p>\u201cEste fin de semana, ser\u00e1 un fin de semana fr\u00edo\u201d apunt\u00f3.<\/p><\/blockquote>\n\n\n\n<p>Asimismo, detall\u00f3 que para este s\u00e1bado y domingo se esperan vientos de hasta 20 kil\u00f3metros por hora, por lo que es recomendable salir abrigado a fin de evitar infecciones respiratorias.<\/p>\n\n\n\n<p>Tambi\u00e9n se\u00f1al\u00f3 que no hay probabilidades de lluvias para esta semana, sin embargo, no se descartan.<\/p>\n\n\n\n<p>Acot\u00f3 que para esta temporada invernal que concluir\u00e1 el pr\u00f3ximo mes de mayo, se pronostican 56 frentes fr\u00edos.<\/p>\n\n\n\n<p>Refiri\u00f3 que tan solo este jueves hubo temperaturas m\u00ednimas de cuatro grados y m\u00e1ximas de 26 grados y rachas de viento que alcanzaron los 30 kil\u00f3metros por hora en diferentes puntos de la ciudad.<\/p>\n","protected":false},"excerpt":{"rendered":"<p>La Coordinaci\u00f3n de Protecci\u00f3n Civil Municipal de Quer\u00e9taro inform\u00f3 que para este viernes se esperan temperaturas bajas en la capital queretana que van desde los dos grados celsius como m\u00ednimo, &hellip; <a href=\"https:\/\/a3noticias.com.mx\/sandbox\/2022\/01\/14\/pronostican-fin-de-semana-frio\/\" class=\"more-link\">Leer m\u00e1s<\/a><\/p>\n","protected":false},"author":4,"featured_media":18224,"comment_status":"open","ping_status":"open","sticky":false,"template":"","format":"standard","meta":{"_monsterinsights_skip_tracking":false,"_monsterinsights_sitenote_active":false,"_monsterinsights_sitenote_note":"","_monsterinsights_sitenote_category":0,"footnotes":""},"categories":[2],"tags":[],"class_list":["post-18223","post","type-post","status-publish","format-standard","has-post-thumbnail","hentry","category-qro","entry"],"aioseo_notices":[],"_links":{"self":[{"href":"https:\/\/a3noticias.com.mx\/sandbox\/wp-json\/wp\/v2\/posts\/18223","targetHints":{"allow":["GET"]}}],"collection":[{"href":"https:\/\/a3noticias.com.mx\/sandbox\/wp-json\/wp\/v2\/posts"}],"about":[{"href":"https:\/\/a3noticias.com.mx\/sandbox\/wp-json\/wp\/v2\/types\/post"}],"author":[{"embeddable":true,"href":"https:\/\/a3noticias.com.mx\/sandbox\/wp-json\/wp\/v2\/users\/4"}],"replies":[{"embeddable":true,"href":"https:\/\/a3noticias.com.mx\/sandbox\/wp-json\/wp\/v2\/comments?post=18223"}],"version-history":[{"count":1,"href":"https:\/\/a3noticias.com.mx\/sandbox\/wp-json\/wp\/v2\/posts\/18223\/revisions"}],"predecessor-version":[{"id":18225,"href":"https:\/\/a3noticias.com.mx\/sandbox\/wp-json\/wp\/v2\/posts\/18223\/revisions\/18225"}],"wp:featuredmedia":[{"embeddable":true,"href":"https:\/\/a3noticias.com.mx\/sandbox\/wp-json\/wp\/v2\/media\/18224"}],"wp:attachment":[{"href":"https:\/\/a3noticias.com.mx\/sandbox\/wp-json\/wp\/v2\/media?parent=18223"}],"wp:term":[{"taxonomy":"category","embeddable":true,"href":"https:\/\/a3noticias.com.mx\/sandbox\/wp-json\/wp\/v2\/categories?post=18223"},{"taxonomy":"post_tag","embeddable":true,"href":"https:\/\/a3noticias.com.mx\/sandbox\/wp-json\/wp\/v2\/tags?post=18223"}],"curies":[{"name":"wp","href":"https:\/\/api.w.org\/{rel}","templated":true}]}}