{"id":18226,"date":"2022-01-14T10:57:04","date_gmt":"2022-01-14T16:57:04","guid":{"rendered":"https:\/\/a3noticias.com.mx\/sandbox\/?p=18226"},"modified":"2022-01-14T10:57:07","modified_gmt":"2022-01-14T16:57:07","slug":"pese-a-aumento-de-contagios-abre-mi-escuela-sostiene-que-regreso-a-clases-es-necesario","status":"publish","type":"post","link":"https:\/\/a3noticias.com.mx\/sandbox\/2022\/01\/14\/pese-a-aumento-de-contagios-abre-mi-escuela-sostiene-que-regreso-a-clases-es-necesario\/","title":{"rendered":"Pese a aumento de contagios, \u00abAbre mi Escuela\u00bb sostiene que regreso a clases es necesario."},"content":{"rendered":"\n<p>A pesar de que los contagios de Covid-19 est\u00e1n en aumento, debido a la variante \u00f3micron y la cuarta ola, la asociaci\u00f3n \u201cAbre mi Escuela\u201d sostiene que los padres pueden enviar a los menores a los planteles con seguridad mientras se sigan las recomendaciones sanitarias.&nbsp;<\/p>\n\n\n\n<blockquote class=\"wp-block-quote is-layout-flow wp-block-quote-is-layout-flow\"><p>\u201cLa realidad es que ya se comprob\u00f3 que las escuelas no son el foco de contagio, m\u00e1s bien las escuelas sirven para identificar y contener contagios\u201d.<\/p><\/blockquote>\n\n\n\n<p>La vocera de la agrupaci\u00f3n, Mar\u00eda Fernanda Lizama,&nbsp; insisti\u00f3 en que los ni\u00f1os requieren la convivencia con sus pares, pues est\u00e1n perdiendo habilidades sociales debido a la falta de interacci\u00f3n.<\/p>\n\n\n\n<blockquote class=\"wp-block-quote is-layout-flow wp-block-quote-is-layout-flow\"><p>\u201cMuchos de ellos no hab\u00edan interactuado con otros ni\u00f1os, muchos en la etapa cr\u00edtica del uno a cinco a\u00f1os no hab\u00edan desarrollo de estas habilidades de lenguaje o de neuro desarrollo que eran necesarios\u201d.<\/p><\/blockquote>\n","protected":false},"excerpt":{"rendered":"<p>A pesar de que los contagios de Covid-19 est\u00e1n en aumento, debido a la variante \u00f3micron y la cuarta ola, la asociaci\u00f3n \u201cAbre mi Escuela\u201d sostiene que los padres pueden &hellip; <a href=\"https:\/\/a3noticias.com.mx\/sandbox\/2022\/01\/14\/pese-a-aumento-de-contagios-abre-mi-escuela-sostiene-que-regreso-a-clases-es-necesario\/\" class=\"more-link\">Leer m\u00e1s<\/a><\/p>\n","protected":false},"author":2,"featured_media":18231,"comment_status":"open","ping_status":"open","sticky":false,"template":"","format":"standard","meta":{"_monsterinsights_skip_tracking":false,"_monsterinsights_sitenote_active":false,"_monsterinsights_sitenote_note":"","_monsterinsights_sitenote_category":0,"footnotes":""},"categories":[2],"tags":[],"class_list":["post-18226","post","type-post","status-publish","format-standard","has-post-thumbnail","hentry","category-qro","entry"],"aioseo_notices":[],"_links":{"self":[{"href":"https:\/\/a3noticias.com.mx\/sandbox\/wp-json\/wp\/v2\/posts\/18226","targetHints":{"allow":["GET"]}}],"collection":[{"href":"https:\/\/a3noticias.com.mx\/sandbox\/wp-json\/wp\/v2\/posts"}],"about":[{"href":"https:\/\/a3noticias.com.mx\/sandbox\/wp-json\/wp\/v2\/types\/post"}],"author":[{"embeddable":true,"href":"https:\/\/a3noticias.com.mx\/sandbox\/wp-json\/wp\/v2\/users\/2"}],"replies":[{"embeddable":true,"href":"https:\/\/a3noticias.com.mx\/sandbox\/wp-json\/wp\/v2\/comments?post=18226"}],"version-history":[{"count":1,"href":"https:\/\/a3noticias.com.mx\/sandbox\/wp-json\/wp\/v2\/posts\/18226\/revisions"}],"predecessor-version":[{"id":18232,"href":"https:\/\/a3noticias.com.mx\/sandbox\/wp-json\/wp\/v2\/posts\/18226\/revisions\/18232"}],"wp:featuredmedia":[{"embeddable":true,"href":"https:\/\/a3noticias.com.mx\/sandbox\/wp-json\/wp\/v2\/media\/18231"}],"wp:attachment":[{"href":"https:\/\/a3noticias.com.mx\/sandbox\/wp-json\/wp\/v2\/media?parent=18226"}],"wp:term":[{"taxonomy":"category","embeddable":true,"href":"https:\/\/a3noticias.com.mx\/sandbox\/wp-json\/wp\/v2\/categories?post=18226"},{"taxonomy":"post_tag","embeddable":true,"href":"https:\/\/a3noticias.com.mx\/sandbox\/wp-json\/wp\/v2\/tags?post=18226"}],"curies":[{"name":"wp","href":"https:\/\/api.w.org\/{rel}","templated":true}]}}