{"id":18228,"date":"2022-01-14T10:56:37","date_gmt":"2022-01-14T16:56:37","guid":{"rendered":"https:\/\/a3noticias.com.mx\/sandbox\/?p=18228"},"modified":"2022-01-14T10:56:40","modified_gmt":"2022-01-14T16:56:40","slug":"vacunacion-anticovid-para-docentes-finaliza-hoy-y-no-manana-sedeq","status":"publish","type":"post","link":"https:\/\/a3noticias.com.mx\/sandbox\/2022\/01\/14\/vacunacion-anticovid-para-docentes-finaliza-hoy-y-no-manana-sedeq\/","title":{"rendered":"Vacunaci\u00f3n anticovid para docentes finaliza hoy y no ma\u00f1ana: SEDEQ"},"content":{"rendered":"\n<p>A trav\u00e9s de un comunicado, la Secretar\u00eda de Educaci\u00f3n del estado de Quer\u00e9taro (SEDEQ), anunci\u00f3 que debido a que se cumpli\u00f3 con el cien por ciento de atenci\u00f3n al personal educativo que acudir\u00eda al Ecocentro Expositor, la jornada de vacunaci\u00f3n de refuerzo contra el Covid a docentes finaliza hoy y no este s\u00e1bado 15 como se ten\u00eda previsto.<\/p>\n\n\n\n<blockquote class=\"wp-block-quote is-layout-flow wp-block-quote-is-layout-flow\"><p>\u201cGracias al \u00e9xito en la atenci\u00f3n al 100% de personal educativo registrado en la jornada de refuerzo de vacunaci\u00f3n al sector educativo en la sede del Ecocentro Expositor, esta concluir\u00e1 el d\u00eda 14 de enero a las 13:00 horas, siendo el \u00faltimo d\u00eda de vacunaci\u00f3n\u201d se lee en Twitter.<\/p><\/blockquote>\n\n\n\n<p>La determinaci\u00f3n se tom\u00f3 luego de que ninguna persona del sector educativo se registrara para recibir la vacuna el d\u00eda s\u00e1bado.<\/p>\n\n\n\n<blockquote class=\"wp-block-quote is-layout-flow wp-block-quote-is-layout-flow\"><p>\u201cLuego de que el sistema, no arroj\u00f3 citas para el s\u00e1bado 15 de enero en esta sede, se tom\u00f3 la decisi\u00f3n, junto con el equipo t\u00e9cnico y comit\u00e9 organizador, de concluir la campa\u00f1a de refuerzo, el d\u00eda 14 de enero a las 13:00 horas y no el s\u00e1bado 15 de enero como se ten\u00eda previsto\u201d anunci\u00f3.<\/p><\/blockquote>\n\n\n\n<p>Con esto, la SEDEQ asegur\u00f3 que esta jornada de vacunaci\u00f3n de refuerzo terminar\u00e1 en un tiempo r\u00e9cord.<\/p>\n\n\n\n<p>Por ello, invitaron a que el personal educativo asista a su cita en tiempo y forma pues hoy ser\u00e1 el \u00faltimo d\u00eda para aplicarse el refuerzo anticovid.<\/p>\n\n\n\n<figure class=\"wp-block-embed-twitter wp-block-embed is-type-rich is-provider-twitter\"><div class=\"wp-block-embed__wrapper\">\n<blockquote class=\"twitter-tweet\" data-width=\"550\" data-dnt=\"true\"><p lang=\"es\" dir=\"ltr\"><a href=\"https:\/\/twitter.com\/hashtag\/SEDEQ?src=hash&amp;ref_src=twsrc%5Etfw\">#SEDEQ<\/a> <a href=\"https:\/\/twitter.com\/hashtag\/INFORMA?src=hash&amp;ref_src=twsrc%5Etfw\">#INFORMA<\/a><br>Gracias al \u00e9xito en la atenci\u00f3n al 100% de personal educativo registrado en la jornada de refuerzo de vacunaci\u00f3n al sector educativo en la sede del Ecocentro Expositor, esta concluir\u00e1 el d\u00eda 14 de enero a las 13:00 horas, siendo el \u00faltimo d\u00eda de vacunaci\u00f3n. <a href=\"https:\/\/twitter.com\/hashtag\/TSXLE?src=hash&amp;ref_src=twsrc%5Etfw\">#TSXLE<\/a> <a href=\"https:\/\/t.co\/HlMZGWr4dG\">pic.twitter.com\/HlMZGWr4dG<\/a><\/p>&mdash; educacionqueretaro (@educacionqro) <a href=\"https:\/\/twitter.com\/educacionqro\/status\/1481831278504722442?ref_src=twsrc%5Etfw\">January 14, 2022<\/a><\/blockquote><script async src=\"https:\/\/platform.twitter.com\/widgets.js\" charset=\"utf-8\"><\/script>\n<\/div><\/figure>\n","protected":false},"excerpt":{"rendered":"<p>A trav\u00e9s de un comunicado, la Secretar\u00eda de Educaci\u00f3n del estado de Quer\u00e9taro (SEDEQ), anunci\u00f3 que debido a que se cumpli\u00f3 con el cien por ciento de atenci\u00f3n al personal &hellip; <a href=\"https:\/\/a3noticias.com.mx\/sandbox\/2022\/01\/14\/vacunacion-anticovid-para-docentes-finaliza-hoy-y-no-manana-sedeq\/\" class=\"more-link\">Leer m\u00e1s<\/a><\/p>\n","protected":false},"author":4,"featured_media":18229,"comment_status":"open","ping_status":"open","sticky":false,"template":"","format":"standard","meta":{"_monsterinsights_skip_tracking":false,"_monsterinsights_sitenote_active":false,"_monsterinsights_sitenote_note":"","_monsterinsights_sitenote_category":0,"footnotes":""},"categories":[2],"tags":[],"class_list":["post-18228","post","type-post","status-publish","format-standard","has-post-thumbnail","hentry","category-qro","entry"],"aioseo_notices":[],"_links":{"self":[{"href":"https:\/\/a3noticias.com.mx\/sandbox\/wp-json\/wp\/v2\/posts\/18228","targetHints":{"allow":["GET"]}}],"collection":[{"href":"https:\/\/a3noticias.com.mx\/sandbox\/wp-json\/wp\/v2\/posts"}],"about":[{"href":"https:\/\/a3noticias.com.mx\/sandbox\/wp-json\/wp\/v2\/types\/post"}],"author":[{"embeddable":true,"href":"https:\/\/a3noticias.com.mx\/sandbox\/wp-json\/wp\/v2\/users\/4"}],"replies":[{"embeddable":true,"href":"https:\/\/a3noticias.com.mx\/sandbox\/wp-json\/wp\/v2\/comments?post=18228"}],"version-history":[{"count":1,"href":"https:\/\/a3noticias.com.mx\/sandbox\/wp-json\/wp\/v2\/posts\/18228\/revisions"}],"predecessor-version":[{"id":18230,"href":"https:\/\/a3noticias.com.mx\/sandbox\/wp-json\/wp\/v2\/posts\/18228\/revisions\/18230"}],"wp:featuredmedia":[{"embeddable":true,"href":"https:\/\/a3noticias.com.mx\/sandbox\/wp-json\/wp\/v2\/media\/18229"}],"wp:attachment":[{"href":"https:\/\/a3noticias.com.mx\/sandbox\/wp-json\/wp\/v2\/media?parent=18228"}],"wp:term":[{"taxonomy":"category","embeddable":true,"href":"https:\/\/a3noticias.com.mx\/sandbox\/wp-json\/wp\/v2\/categories?post=18228"},{"taxonomy":"post_tag","embeddable":true,"href":"https:\/\/a3noticias.com.mx\/sandbox\/wp-json\/wp\/v2\/tags?post=18228"}],"curies":[{"name":"wp","href":"https:\/\/api.w.org\/{rel}","templated":true}]}}