{"id":18233,"date":"2022-01-14T12:48:00","date_gmt":"2022-01-14T18:48:00","guid":{"rendered":"https:\/\/a3noticias.com.mx\/sandbox\/?p=18233"},"modified":"2022-01-14T12:48:03","modified_gmt":"2022-01-14T18:48:03","slug":"cascada-chuveje-cerro-debido-a-aumentos-de-contagios-de-covid-19-fue-decision-del-dueno-no-de-autoridades","status":"publish","type":"post","link":"https:\/\/a3noticias.com.mx\/sandbox\/2022\/01\/14\/cascada-chuveje-cerro-debido-a-aumentos-de-contagios-de-covid-19-fue-decision-del-dueno-no-de-autoridades\/","title":{"rendered":"Cascada Chuveje cerr\u00f3 debido a aumentos de contagios de Covid-19, fue decisi\u00f3n del due\u00f1o, no de autoridades."},"content":{"rendered":"\n<p>Debido al incremento de contagios de Covid-19, la cascada del Chuveje, Pinal de Amoles, cerr\u00f3 sus puertas a los visitantes, as\u00ed lo inform\u00f3 la presidenta municipal, Guadalupe Ram\u00edrez Plaza.<\/p>\n\n\n\n<blockquote class=\"wp-block-quote is-layout-flow wp-block-quote-is-layout-flow\"><p>\u201cChuveje es un sitio que tiene due\u00f1o y ellos son los que toman la decisi\u00f3n, en este caso ellos tomaron la decisi\u00f3n de cerrar el Chuveje, pero no es una situaci\u00f3n alarmante\u201d.\u00a0<\/p><\/blockquote>\n\n\n\n<p>La alcaldesa se\u00f1al\u00f3&nbsp; que el due\u00f1o decidi\u00f3 cerrar el lugar a causa del incremento de contagios en el estado, aunque en la demarcaci\u00f3n el COVID-19 sigue estable, aclar\u00f3 que el municipio a\u00fan no ha tomado la decisi\u00f3n de cerrar el resto de los atractivos tur\u00edsticos,&nbsp;<\/p>\n\n\n\n<blockquote class=\"wp-block-quote is-layout-flow wp-block-quote-is-layout-flow\"><p>\u201cTodav\u00eda no tenemos nosotros casos de alarma para nuestro municipio, estamos llevando a cabo las actividades con normalidad\u201d.<\/p><\/blockquote>\n","protected":false},"excerpt":{"rendered":"<p>Debido al incremento de contagios de Covid-19, la cascada del Chuveje, Pinal de Amoles, cerr\u00f3 sus puertas a los visitantes, as\u00ed lo inform\u00f3 la presidenta municipal, Guadalupe Ram\u00edrez Plaza. \u201cChuveje &hellip; <a href=\"https:\/\/a3noticias.com.mx\/sandbox\/2022\/01\/14\/cascada-chuveje-cerro-debido-a-aumentos-de-contagios-de-covid-19-fue-decision-del-dueno-no-de-autoridades\/\" class=\"more-link\">Leer m\u00e1s<\/a><\/p>\n","protected":false},"author":2,"featured_media":18234,"comment_status":"open","ping_status":"open","sticky":false,"template":"","format":"standard","meta":{"_monsterinsights_skip_tracking":false,"_monsterinsights_sitenote_active":false,"_monsterinsights_sitenote_note":"","_monsterinsights_sitenote_category":0,"footnotes":""},"categories":[2],"tags":[],"class_list":["post-18233","post","type-post","status-publish","format-standard","has-post-thumbnail","hentry","category-qro","entry"],"aioseo_notices":[],"_links":{"self":[{"href":"https:\/\/a3noticias.com.mx\/sandbox\/wp-json\/wp\/v2\/posts\/18233","targetHints":{"allow":["GET"]}}],"collection":[{"href":"https:\/\/a3noticias.com.mx\/sandbox\/wp-json\/wp\/v2\/posts"}],"about":[{"href":"https:\/\/a3noticias.com.mx\/sandbox\/wp-json\/wp\/v2\/types\/post"}],"author":[{"embeddable":true,"href":"https:\/\/a3noticias.com.mx\/sandbox\/wp-json\/wp\/v2\/users\/2"}],"replies":[{"embeddable":true,"href":"https:\/\/a3noticias.com.mx\/sandbox\/wp-json\/wp\/v2\/comments?post=18233"}],"version-history":[{"count":1,"href":"https:\/\/a3noticias.com.mx\/sandbox\/wp-json\/wp\/v2\/posts\/18233\/revisions"}],"predecessor-version":[{"id":18235,"href":"https:\/\/a3noticias.com.mx\/sandbox\/wp-json\/wp\/v2\/posts\/18233\/revisions\/18235"}],"wp:featuredmedia":[{"embeddable":true,"href":"https:\/\/a3noticias.com.mx\/sandbox\/wp-json\/wp\/v2\/media\/18234"}],"wp:attachment":[{"href":"https:\/\/a3noticias.com.mx\/sandbox\/wp-json\/wp\/v2\/media?parent=18233"}],"wp:term":[{"taxonomy":"category","embeddable":true,"href":"https:\/\/a3noticias.com.mx\/sandbox\/wp-json\/wp\/v2\/categories?post=18233"},{"taxonomy":"post_tag","embeddable":true,"href":"https:\/\/a3noticias.com.mx\/sandbox\/wp-json\/wp\/v2\/tags?post=18233"}],"curies":[{"name":"wp","href":"https:\/\/api.w.org\/{rel}","templated":true}]}}