{"id":18249,"date":"2022-01-15T08:00:00","date_gmt":"2022-01-15T14:00:00","guid":{"rendered":"https:\/\/a3noticias.com.mx\/sandbox\/?p=18249"},"modified":"2022-01-15T01:01:43","modified_gmt":"2022-01-15T07:01:43","slug":"en-contra-del-reemplacamiento-decenas-de-personas-se-manifiestan","status":"publish","type":"post","link":"https:\/\/a3noticias.com.mx\/sandbox\/2022\/01\/15\/en-contra-del-reemplacamiento-decenas-de-personas-se-manifiestan\/","title":{"rendered":"En contra del reemplacamiento, decenas de personas se manifiestan."},"content":{"rendered":"\n<p>En contra de la campa\u00f1a de reemplacamiento vehicular, el d\u00eda de ayer se manifestaron m\u00e1s de 200 personas desde Calzada de los Arcos hasta el Palacio de Gobierno.&nbsp;<\/p>\n\n\n\n<p>Los protestantes se\u00f1alan estar en contra del reemplacamiento, sobre todo, porque no se han recuperado del golpe econ\u00f3mico que ocasion\u00f3 la pandemia por Covid-19.&nbsp;<\/p>\n\n\n\n<p>Esta manifestaci\u00f3n es la tercera que se lleva a cabo con la finalidad de exigir la suspensi\u00f3n de esta medida, pues apuntan que es un impuesto exagerado. Asimismo, se encuentran en descontento porque la recaudaci\u00f3n no sea para fines de movilidad.<\/p>\n\n\n\n<p>Se pudo leer pancartas y veh\u00edculos con las leyendas \u201cSr. gobernador placas nuevas no por favor\u201d, \u201cAlto al robo no m\u00e1s imposici\u00f3n no al reemplaqueo\u201d<\/p>\n","protected":false},"excerpt":{"rendered":"<p>En contra de la campa\u00f1a de reemplacamiento vehicular, el d\u00eda de ayer se manifestaron m\u00e1s de 200 personas desde Calzada de los Arcos hasta el Palacio de Gobierno.&nbsp; Los protestantes &hellip; <a href=\"https:\/\/a3noticias.com.mx\/sandbox\/2022\/01\/15\/en-contra-del-reemplacamiento-decenas-de-personas-se-manifiestan\/\" class=\"more-link\">Leer m\u00e1s<\/a><\/p>\n","protected":false},"author":2,"featured_media":18250,"comment_status":"open","ping_status":"open","sticky":false,"template":"","format":"standard","meta":{"_monsterinsights_skip_tracking":false,"_monsterinsights_sitenote_active":false,"_monsterinsights_sitenote_note":"","_monsterinsights_sitenote_category":0,"footnotes":""},"categories":[2],"tags":[],"class_list":["post-18249","post","type-post","status-publish","format-standard","has-post-thumbnail","hentry","category-qro","entry"],"aioseo_notices":[],"_links":{"self":[{"href":"https:\/\/a3noticias.com.mx\/sandbox\/wp-json\/wp\/v2\/posts\/18249","targetHints":{"allow":["GET"]}}],"collection":[{"href":"https:\/\/a3noticias.com.mx\/sandbox\/wp-json\/wp\/v2\/posts"}],"about":[{"href":"https:\/\/a3noticias.com.mx\/sandbox\/wp-json\/wp\/v2\/types\/post"}],"author":[{"embeddable":true,"href":"https:\/\/a3noticias.com.mx\/sandbox\/wp-json\/wp\/v2\/users\/2"}],"replies":[{"embeddable":true,"href":"https:\/\/a3noticias.com.mx\/sandbox\/wp-json\/wp\/v2\/comments?post=18249"}],"version-history":[{"count":1,"href":"https:\/\/a3noticias.com.mx\/sandbox\/wp-json\/wp\/v2\/posts\/18249\/revisions"}],"predecessor-version":[{"id":18251,"href":"https:\/\/a3noticias.com.mx\/sandbox\/wp-json\/wp\/v2\/posts\/18249\/revisions\/18251"}],"wp:featuredmedia":[{"embeddable":true,"href":"https:\/\/a3noticias.com.mx\/sandbox\/wp-json\/wp\/v2\/media\/18250"}],"wp:attachment":[{"href":"https:\/\/a3noticias.com.mx\/sandbox\/wp-json\/wp\/v2\/media?parent=18249"}],"wp:term":[{"taxonomy":"category","embeddable":true,"href":"https:\/\/a3noticias.com.mx\/sandbox\/wp-json\/wp\/v2\/categories?post=18249"},{"taxonomy":"post_tag","embeddable":true,"href":"https:\/\/a3noticias.com.mx\/sandbox\/wp-json\/wp\/v2\/tags?post=18249"}],"curies":[{"name":"wp","href":"https:\/\/api.w.org\/{rel}","templated":true}]}}