{"id":18262,"date":"2022-01-15T09:06:44","date_gmt":"2022-01-15T15:06:44","guid":{"rendered":"https:\/\/a3noticias.com.mx\/sandbox\/?p=18262"},"modified":"2022-01-15T09:06:46","modified_gmt":"2022-01-15T15:06:46","slug":"queretaro-sumo-5446-casos-de-covid-19-este-viernes","status":"publish","type":"post","link":"https:\/\/a3noticias.com.mx\/sandbox\/2022\/01\/15\/queretaro-sumo-5446-casos-de-covid-19-este-viernes\/","title":{"rendered":"Quer\u00e9taro sum\u00f3 5,446 casos de Covid-19 este viernes"},"content":{"rendered":"\n<p>La Secretar\u00eda de Salud en Quer\u00e9taro inform\u00f3 que, como en ocasiones anteriores, debido a fallas en la compatibilidad de las plataformas federales, es com\u00fan el retraso en d\u00edas en la migraci\u00f3n de la informaci\u00f3n al Sistema de Vigilancia Epidemiol\u00f3gica de Enfermedades Respiratorias (SISVER), por lo que en el estado se suman <strong>cinco mil 446 casos de la enfermedad<\/strong>; se trata de tres mil 91 mujeres y dos mil 355 hombres.\u00a0<\/p>\n\n\n\n<blockquote class=\"wp-block-quote is-style-large is-layout-flow wp-block-quote-is-layout-flow\"><p>\u00abLos casos no se presentaron en un solo d\u00eda, m\u00e1s se identificaron el d\u00eda de hoy por la actualizaci\u00f3n en la informaci\u00f3n.\u00a0El registro acumulado es de 107 mil 283 casos; 51% son mujeres y 49% son hombres\u00bb, detall\u00f3 la dependencia.<\/p><\/blockquote>\n\n\n\n<p>Aunado a ello, se registraron nueve defunciones en la entidad para un acumulado de seis mil 139 defunciones.<\/p>\n\n\n\n<p>Con sintomatolog\u00eda leve, aislamiento y manejo en su domicilio hay cinco mil 314 pacientes y 81 hospitalizados, 26 de los cuales se encuentran graves. <\/p>\n\n\n\n<p>Este viernes tambi\u00e9n se dio de alta sanitaria a 803 pacientes, con lo que se tiene un registro de 95 mil 749 altas (89.24%).<\/p>\n\n\n\n<p>Con relaci\u00f3n a la disponibilidad de camas de hospitalizaci\u00f3n general y con ventilador, con informaci\u00f3n de este 13 de enero, se tiene una ocupaci\u00f3n de 15 por ciento, con base en la Red Negativa de Infecciones Respiratorias Agudas (IRAG).&nbsp;<\/p>\n\n\n\n<p>En Quer\u00e9taro se registra <strong>8% de ocupaci\u00f3n de camas con ventilador<\/strong> y <strong>20% en camas sin ventilador.<\/strong><\/p>\n\n\n\n<p>Se exhorta a la poblaci\u00f3n a no automedicarse y,&nbsp;para prevenir la transmisi\u00f3n, lavarse las manos de manera frecuente con agua y jab\u00f3n o utilizar soluciones alcoholadas a 70%, usar cubreboca al salir de casa y mantener sana distancia entre personas&nbsp;(de 1.5 a dos metros).&nbsp;<\/p>\n\n\n\n<p>Asimismo, a quedarse en casa\u00a0cuando\u00a0se tienen enfermedades respiratorias y\u00a0comunicarse al\u00a0<em>call center<\/em> estatal 4421015205,\u00a0para recibir orientaci\u00f3n m\u00e9dica\u00a0si se presenta alguno de los s\u00edntomas o signos como:\u00a0dificultad para respirar (dato de gravedad), fiebre (mayor a 38 grados), dolor de cabeza, tos, dolor de garganta, escurrimiento nasal,\u00a0dolor de pecho, alteraci\u00f3n del olfato o del sentido del gusto.\u00a0<\/p>\n\n\n\n<figure class=\"wp-block-image size-full\"><img loading=\"lazy\" decoding=\"async\" width=\"640\" height=\"1280\" src=\"https:\/\/a3noticias.com.mx\/sandbox\/wp-content\/uploads\/2022\/01\/71_273_35108_1277871785_2288EAEF-98E1-49B3-9916-3D73B2C0A1C8.jpeg\" alt=\"\" class=\"wp-image-18263\" srcset=\"https:\/\/a3noticias.com.mx\/sandbox\/wp-content\/uploads\/2022\/01\/71_273_35108_1277871785_2288EAEF-98E1-49B3-9916-3D73B2C0A1C8.jpeg 640w, https:\/\/a3noticias.com.mx\/sandbox\/wp-content\/uploads\/2022\/01\/71_273_35108_1277871785_2288EAEF-98E1-49B3-9916-3D73B2C0A1C8-150x300.jpeg 150w, https:\/\/a3noticias.com.mx\/sandbox\/wp-content\/uploads\/2022\/01\/71_273_35108_1277871785_2288EAEF-98E1-49B3-9916-3D73B2C0A1C8-45x90.jpeg 45w\" sizes=\"auto, (max-width: 640px) 100vw, 640px\" \/><\/figure>\n\n\n\n<p><\/p>\n","protected":false},"excerpt":{"rendered":"<p>La Secretar\u00eda de Salud en Quer\u00e9taro inform\u00f3 que, como en ocasiones anteriores, debido a fallas en la compatibilidad de las plataformas federales, es com\u00fan el retraso en d\u00edas en la &hellip; <a href=\"https:\/\/a3noticias.com.mx\/sandbox\/2022\/01\/15\/queretaro-sumo-5446-casos-de-covid-19-este-viernes\/\" class=\"more-link\">Leer m\u00e1s<\/a><\/p>\n","protected":false},"author":4,"featured_media":18264,"comment_status":"open","ping_status":"open","sticky":false,"template":"","format":"standard","meta":{"_monsterinsights_skip_tracking":false,"_monsterinsights_sitenote_active":false,"_monsterinsights_sitenote_note":"","_monsterinsights_sitenote_category":0,"footnotes":""},"categories":[2],"tags":[],"class_list":["post-18262","post","type-post","status-publish","format-standard","has-post-thumbnail","hentry","category-qro","entry"],"aioseo_notices":[],"_links":{"self":[{"href":"https:\/\/a3noticias.com.mx\/sandbox\/wp-json\/wp\/v2\/posts\/18262","targetHints":{"allow":["GET"]}}],"collection":[{"href":"https:\/\/a3noticias.com.mx\/sandbox\/wp-json\/wp\/v2\/posts"}],"about":[{"href":"https:\/\/a3noticias.com.mx\/sandbox\/wp-json\/wp\/v2\/types\/post"}],"author":[{"embeddable":true,"href":"https:\/\/a3noticias.com.mx\/sandbox\/wp-json\/wp\/v2\/users\/4"}],"replies":[{"embeddable":true,"href":"https:\/\/a3noticias.com.mx\/sandbox\/wp-json\/wp\/v2\/comments?post=18262"}],"version-history":[{"count":1,"href":"https:\/\/a3noticias.com.mx\/sandbox\/wp-json\/wp\/v2\/posts\/18262\/revisions"}],"predecessor-version":[{"id":18265,"href":"https:\/\/a3noticias.com.mx\/sandbox\/wp-json\/wp\/v2\/posts\/18262\/revisions\/18265"}],"wp:featuredmedia":[{"embeddable":true,"href":"https:\/\/a3noticias.com.mx\/sandbox\/wp-json\/wp\/v2\/media\/18264"}],"wp:attachment":[{"href":"https:\/\/a3noticias.com.mx\/sandbox\/wp-json\/wp\/v2\/media?parent=18262"}],"wp:term":[{"taxonomy":"category","embeddable":true,"href":"https:\/\/a3noticias.com.mx\/sandbox\/wp-json\/wp\/v2\/categories?post=18262"},{"taxonomy":"post_tag","embeddable":true,"href":"https:\/\/a3noticias.com.mx\/sandbox\/wp-json\/wp\/v2\/tags?post=18262"}],"curies":[{"name":"wp","href":"https:\/\/api.w.org\/{rel}","templated":true}]}}