{"id":18266,"date":"2022-01-15T09:50:29","date_gmt":"2022-01-15T15:50:29","guid":{"rendered":"https:\/\/a3noticias.com.mx\/sandbox\/?p=18266"},"modified":"2022-01-15T09:50:31","modified_gmt":"2022-01-15T15:50:31","slug":"comite-tecnico-pide-hacer-uso-racional-de-pruebas-anticovid","status":"publish","type":"post","link":"https:\/\/a3noticias.com.mx\/sandbox\/2022\/01\/15\/comite-tecnico-pide-hacer-uso-racional-de-pruebas-anticovid\/","title":{"rendered":"Comit\u00e9 t\u00e9cnico pide hacer uso racional de pruebas antiCovid"},"content":{"rendered":"\n<p>El Comit\u00e9 T\u00e9cnico para la Atenci\u00f3n de COVID-19 en Quer\u00e9taro recomend\u00f3 extremar las medidas para hacer uso racional de pruebas y as\u00ed asegurar la provisi\u00f3n de las mismas tanto para la vigilancia epidemiol\u00f3gica como la atenci\u00f3n m\u00e9dica.<\/p>\n\n\n\n<p>Los especialistas reconocieron la situaci\u00f3n epidemiol\u00f3gica observada actualmente, caracterizada por un incremento en el n\u00famero de casos y el aumento en la demanda de pruebas diagn\u00f3sticas; sin embargo, recomendaron el uso de pruebas diagn\u00f3sticas\u00a0(PCR y R\u00e1pidas de Ant\u00edgenos)\u00a0con la siguiente prioridad:\u00a0<\/p>\n\n\n\n<ul class=\"wp-block-list\"><li>Todos los casos con indicaci\u00f3n de hospitalizaci\u00f3n por s\u00edntomas respiratorios.<\/li><li>Cuadros respiratorios en pacientes que pertenecen al grupo de riesgo de agravamiento de la enfermedad, por presentar alguna comorbilidad (diabetes, hipertensi\u00f3n, obesidad, etc.).<\/li><li>Profesionales de la salud con s\u00edntomas respiratorios.<\/li><li>Detecci\u00f3n en pacientes que necesitan ser hospitalizados por otras razones, seg\u00fan normativa de cada instituci\u00f3n.<\/li><li>Profesionales con s\u00edntomas respiratorios que formen parte de servicios esenciales y presenciales.<\/li><\/ul>\n\n\n\n<p>Se\u00f1alaron que las situaciones en las que no se recomiendan las pruebas son en individuos asintom\u00e1ticos (incluyendo contactos), el uso de las mismas como requisito para salir del aislamiento y reincorporarse a su \u00e1rea laboral, para acceder a lugares o eventos p\u00fablicos.<\/p>\n\n\n\n<p>Dentro de los acuerdos, se determin\u00f3 que las medidas sanitarias y de modulaci\u00f3n social del Escenario A Modificado se mantendr\u00e1n vigentes al menos hasta el domingo 23 de enero, y sustentaron esto en los indicadores m\u00e1s recientes sobre el comportamiento del virus SARS-CoV-2 en la entidad, como una ocupaci\u00f3n hospitalaria baja con comportamiento estable.<\/p>\n\n\n\n<p>Reiteraron que ante una pandemia que se mantiene activa, es indispensable cumplir con las recomendaciones no farmacol\u00f3gicas, como el uso correcto del cubreboca, el lavado constante de manos con agua y jab\u00f3n o el uso de alcohol en gel, mantener la sana distancia, realizar actividades en espacios ventilados y limitar la movilidad a lo indispensable, adem\u00e1s de procurar medidas de distanciamiento social.<\/p>\n\n\n\n<p>Invitaron tambi\u00e9n a quienes ya presentan s\u00edntomas de enfermedades respiratorias a ser responsables y abstenerse de acudir a fiestas o reuniones, y buscar asesor\u00eda m\u00e9dica en la l\u00ednea COVID, al n\u00famero: 442-101-52-05, para ser evaluados u obtener una prueba de detecci\u00f3n, as\u00ed como aislarse hasta la llegada de sus resultados.<\/p>\n\n\n\n<p>Las y los integrantes del Comit\u00e9 T\u00e9cnico invitaron a la poblaci\u00f3n a estar atenta a las convocatorias de las jornadas de vacunaci\u00f3n, que durante las pr\u00f3ximas semanas centrar\u00e1n sus esfuerzos en aplicar segundas dosis a menores de entre 15 y 17 a\u00f1os, adem\u00e1s de continuar con la aplicaci\u00f3n de dosis de refuerzo para las y los ciudadanos mayores de 60 a\u00f1os, habitantes del municipio de Quer\u00e9taro, que hayan completado su cuadro de inoculaci\u00f3n antes de junio del 2021.<\/p>\n\n\n\n<p>Se\u00f1alaron que con el objetivo de determinar si hay condiciones para permanecer en el actual escenario, o si es necesario realizar un ajuste para hacer frente al virus, se mantiene un monitoreo permanente por parte de las instituciones de salud sobre el comportamiento de la enfermedad y el respecto a las recomendaciones sanitarias.<\/p>\n","protected":false},"excerpt":{"rendered":"<p>El Comit\u00e9 T\u00e9cnico para la Atenci\u00f3n de COVID-19 en Quer\u00e9taro recomend\u00f3 extremar las medidas para hacer uso racional de pruebas y as\u00ed asegurar la provisi\u00f3n de las mismas tanto para &hellip; <a href=\"https:\/\/a3noticias.com.mx\/sandbox\/2022\/01\/15\/comite-tecnico-pide-hacer-uso-racional-de-pruebas-anticovid\/\" class=\"more-link\">Leer m\u00e1s<\/a><\/p>\n","protected":false},"author":4,"featured_media":18267,"comment_status":"open","ping_status":"open","sticky":false,"template":"","format":"standard","meta":{"_monsterinsights_skip_tracking":false,"_monsterinsights_sitenote_active":false,"_monsterinsights_sitenote_note":"","_monsterinsights_sitenote_category":0,"footnotes":""},"categories":[2],"tags":[],"class_list":["post-18266","post","type-post","status-publish","format-standard","has-post-thumbnail","hentry","category-qro","entry"],"aioseo_notices":[],"_links":{"self":[{"href":"https:\/\/a3noticias.com.mx\/sandbox\/wp-json\/wp\/v2\/posts\/18266","targetHints":{"allow":["GET"]}}],"collection":[{"href":"https:\/\/a3noticias.com.mx\/sandbox\/wp-json\/wp\/v2\/posts"}],"about":[{"href":"https:\/\/a3noticias.com.mx\/sandbox\/wp-json\/wp\/v2\/types\/post"}],"author":[{"embeddable":true,"href":"https:\/\/a3noticias.com.mx\/sandbox\/wp-json\/wp\/v2\/users\/4"}],"replies":[{"embeddable":true,"href":"https:\/\/a3noticias.com.mx\/sandbox\/wp-json\/wp\/v2\/comments?post=18266"}],"version-history":[{"count":1,"href":"https:\/\/a3noticias.com.mx\/sandbox\/wp-json\/wp\/v2\/posts\/18266\/revisions"}],"predecessor-version":[{"id":18268,"href":"https:\/\/a3noticias.com.mx\/sandbox\/wp-json\/wp\/v2\/posts\/18266\/revisions\/18268"}],"wp:featuredmedia":[{"embeddable":true,"href":"https:\/\/a3noticias.com.mx\/sandbox\/wp-json\/wp\/v2\/media\/18267"}],"wp:attachment":[{"href":"https:\/\/a3noticias.com.mx\/sandbox\/wp-json\/wp\/v2\/media?parent=18266"}],"wp:term":[{"taxonomy":"category","embeddable":true,"href":"https:\/\/a3noticias.com.mx\/sandbox\/wp-json\/wp\/v2\/categories?post=18266"},{"taxonomy":"post_tag","embeddable":true,"href":"https:\/\/a3noticias.com.mx\/sandbox\/wp-json\/wp\/v2\/tags?post=18266"}],"curies":[{"name":"wp","href":"https:\/\/api.w.org\/{rel}","templated":true}]}}