{"id":18280,"date":"2022-01-17T09:48:51","date_gmt":"2022-01-17T15:48:51","guid":{"rendered":"https:\/\/a3noticias.com.mx\/sandbox\/?p=18280"},"modified":"2022-01-17T09:48:53","modified_gmt":"2022-01-17T15:48:53","slug":"amlo-regresa-a-sus-actividades-senala-que-omicron-no-afectara-economia-como-delta","status":"publish","type":"post","link":"https:\/\/a3noticias.com.mx\/sandbox\/2022\/01\/17\/amlo-regresa-a-sus-actividades-senala-que-omicron-no-afectara-economia-como-delta\/","title":{"rendered":"AMLO regresa a sus actividades; se\u00f1ala que Omicron no afectar\u00e1 econom\u00eda como Delta."},"content":{"rendered":"\n<p>El presidente Andr\u00e9s Manuel L\u00f3pez Obrador regresa a sus actividades tras resguardarse por dar positivo a Covid-19; este lunes encabeza la ma\u00f1anera en Palacio Nacional.<\/p>\n\n\n\n<blockquote class=\"wp-block-quote is-layout-flow wp-block-quote-is-layout-flow\"><p>\u201cYa salimos de contagio, nos fue bien, es demostrable que \u00f3micron no tiene la misma gravedad que delta, \u00d3micron es muy contagiosa\u201d<\/p><\/blockquote>\n\n\n\n<p>El jefe del Ejecutivo reconoci\u00f3 que los contagios de coronavirus est\u00e1n en incremento, sin embargo, destac\u00f3 que no ocurre lo mismo con las muertes. Por ello, hizo un llamado a la poblaci\u00f3n a vacunarse y a aplicarse la dosis de refuerzo para prevenir hospitalizaciones.&nbsp;&nbsp;<\/p>\n\n\n\n<blockquote class=\"wp-block-quote is-layout-flow wp-block-quote-is-layout-flow\"><p>\u201cEst\u00e1n creciendo muchos los contagios en el pa\u00eds, no as\u00ed las hospitalizaciones, y lo m\u00e1s importante, no hay incremento en fallecimientos, eso es muy importante. Lo que ayuda mucho es la vacuna y no dejar de aplicarnos la vacuna de refuerzo, con es vamos a lo seguro\u201d,\u00a0<\/p><\/blockquote>\n\n\n\n<p>Pese al ascenso de casos, el mandatario federal se\u00f1al\u00f3 que, contrario a lo que ocurri\u00f3 con la variante Delta, la econom\u00eda nacional no se ver\u00e1 afectada por \u00f3micron. Explic\u00f3 que la p\u00e9rdida de empleos se debe a las pr\u00e1cticas de empresas que buscan no pagar prestaciones, sin embargo, es una situaci\u00f3n transitoria.&nbsp;<\/p>\n\n\n\n<blockquote class=\"wp-block-quote is-layout-flow wp-block-quote-is-layout-flow\"><p>\u00a0\u201cAun con esta nueva ola de contagios no se ha detenido el crecimiento de la econom\u00eda, hay afectaciones en restaurantes, en ciertos negocios, pero es transitorio, no va a durar, no veo que se presente la misma situaci\u00f3n de la variante Delta, que s\u00ed hubo muchos despidos, no van suceder eso\u201d.<\/p><\/blockquote>\n","protected":false},"excerpt":{"rendered":"<p>El presidente Andr\u00e9s Manuel L\u00f3pez Obrador regresa a sus actividades tras resguardarse por dar positivo a Covid-19; este lunes encabeza la ma\u00f1anera en Palacio Nacional. \u201cYa salimos de contagio, nos &hellip; <a href=\"https:\/\/a3noticias.com.mx\/sandbox\/2022\/01\/17\/amlo-regresa-a-sus-actividades-senala-que-omicron-no-afectara-economia-como-delta\/\" class=\"more-link\">Leer m\u00e1s<\/a><\/p>\n","protected":false},"author":2,"featured_media":18281,"comment_status":"open","ping_status":"open","sticky":false,"template":"","format":"standard","meta":{"_monsterinsights_skip_tracking":false,"_monsterinsights_sitenote_active":false,"_monsterinsights_sitenote_note":"","_monsterinsights_sitenote_category":0,"footnotes":""},"categories":[3],"tags":[],"class_list":["post-18280","post","type-post","status-publish","format-standard","has-post-thumbnail","hentry","category-nal","entry"],"aioseo_notices":[],"_links":{"self":[{"href":"https:\/\/a3noticias.com.mx\/sandbox\/wp-json\/wp\/v2\/posts\/18280","targetHints":{"allow":["GET"]}}],"collection":[{"href":"https:\/\/a3noticias.com.mx\/sandbox\/wp-json\/wp\/v2\/posts"}],"about":[{"href":"https:\/\/a3noticias.com.mx\/sandbox\/wp-json\/wp\/v2\/types\/post"}],"author":[{"embeddable":true,"href":"https:\/\/a3noticias.com.mx\/sandbox\/wp-json\/wp\/v2\/users\/2"}],"replies":[{"embeddable":true,"href":"https:\/\/a3noticias.com.mx\/sandbox\/wp-json\/wp\/v2\/comments?post=18280"}],"version-history":[{"count":1,"href":"https:\/\/a3noticias.com.mx\/sandbox\/wp-json\/wp\/v2\/posts\/18280\/revisions"}],"predecessor-version":[{"id":18282,"href":"https:\/\/a3noticias.com.mx\/sandbox\/wp-json\/wp\/v2\/posts\/18280\/revisions\/18282"}],"wp:featuredmedia":[{"embeddable":true,"href":"https:\/\/a3noticias.com.mx\/sandbox\/wp-json\/wp\/v2\/media\/18281"}],"wp:attachment":[{"href":"https:\/\/a3noticias.com.mx\/sandbox\/wp-json\/wp\/v2\/media?parent=18280"}],"wp:term":[{"taxonomy":"category","embeddable":true,"href":"https:\/\/a3noticias.com.mx\/sandbox\/wp-json\/wp\/v2\/categories?post=18280"},{"taxonomy":"post_tag","embeddable":true,"href":"https:\/\/a3noticias.com.mx\/sandbox\/wp-json\/wp\/v2\/tags?post=18280"}],"curies":[{"name":"wp","href":"https:\/\/api.w.org\/{rel}","templated":true}]}}