{"id":18283,"date":"2022-01-17T10:14:36","date_gmt":"2022-01-17T16:14:36","guid":{"rendered":"https:\/\/a3noticias.com.mx\/sandbox\/?p=18283"},"modified":"2022-01-17T10:14:39","modified_gmt":"2022-01-17T16:14:39","slug":"uaq-arranca-clases-de-primer-semestre-del-ano-preve-iniciar-actividades-presenciales-la-proxima-semana","status":"publish","type":"post","link":"https:\/\/a3noticias.com.mx\/sandbox\/2022\/01\/17\/uaq-arranca-clases-de-primer-semestre-del-ano-preve-iniciar-actividades-presenciales-la-proxima-semana\/","title":{"rendered":"UAQ arranca clases de primer semestre del a\u00f1o; prev\u00e9 iniciar actividades presenciales la pr\u00f3xima semana"},"content":{"rendered":"\n<p>La Universidad Aut\u00f3noma de Quer\u00e9taro comenz\u00f3 clases virtuales este lunes 17 de enero, respectivas al semestre enero-junio 2022 y prev\u00e9 el retorno a actividades presenciales a partir de la pr\u00f3xima semana.<\/p>\n\n\n\n<p>La rectora de la m\u00e1xima casa de estudios de la entidad, Teresa Garc\u00eda Gasca, anunci\u00f3 que a partir del pr\u00f3ximo 24 de enero algunas de las unidades acad\u00e9micas iniciar\u00e1n actividades presenciales y algunas otras lo har\u00e1n en el transcurso de las siguientes semanas de forma escalonada y gradual, por lo que los lineamientos de esta reincorporaci\u00f3n presencial ser\u00e1n publicados por cada unidad acad\u00e9mica priorizando para su retorno presencial las actividades pr\u00e1cticas.<\/p>\n\n\n\n<p>Asimismo, Garc\u00eda Gasca se\u00f1al\u00f3 que a pesar de que el sem\u00e1foro epidemiol\u00f3gico de la UAQ se encuentra en rojo en 13 municipios, mientras la entidad cruce por la cuarta ola de contagios por Covid-19, se trabajar\u00e1 bajo los protocolos sanitarios que indica un sem\u00e1foro naranja, esto con el fin de evitar entorpecer las actividades acad\u00e9micas.<\/p>\n\n\n\n<p>Detall\u00f3 que una vez que el pico de la pandemia baje, cada facultad informar\u00e1 a sus comunidades universitarias la fecha en que iniciar\u00e1 clases, ya sea de manera h\u00edbrida o presencial.<\/p>\n\n\n\n<p>Finalmente, la rectora pidi\u00f3 a los estudiantes de dicha instituci\u00f3n acad\u00e9mica estar pendientes de los lineamientos e indicaciones que emitan cada una de las facultades, as\u00ed como la escuela de bachilleres, a fin de reincorporarse en el momento adecuado.<\/p>\n","protected":false},"excerpt":{"rendered":"<p>La Universidad Aut\u00f3noma de Quer\u00e9taro comenz\u00f3 clases virtuales este lunes 17 de enero, respectivas al semestre enero-junio 2022 y prev\u00e9 el retorno a actividades presenciales a partir de la pr\u00f3xima &hellip; <a href=\"https:\/\/a3noticias.com.mx\/sandbox\/2022\/01\/17\/uaq-arranca-clases-de-primer-semestre-del-ano-preve-iniciar-actividades-presenciales-la-proxima-semana\/\" class=\"more-link\">Leer m\u00e1s<\/a><\/p>\n","protected":false},"author":4,"featured_media":18284,"comment_status":"open","ping_status":"open","sticky":false,"template":"","format":"standard","meta":{"_monsterinsights_skip_tracking":false,"_monsterinsights_sitenote_active":false,"_monsterinsights_sitenote_note":"","_monsterinsights_sitenote_category":0,"footnotes":""},"categories":[2],"tags":[],"class_list":["post-18283","post","type-post","status-publish","format-standard","has-post-thumbnail","hentry","category-qro","entry"],"aioseo_notices":[],"_links":{"self":[{"href":"https:\/\/a3noticias.com.mx\/sandbox\/wp-json\/wp\/v2\/posts\/18283","targetHints":{"allow":["GET"]}}],"collection":[{"href":"https:\/\/a3noticias.com.mx\/sandbox\/wp-json\/wp\/v2\/posts"}],"about":[{"href":"https:\/\/a3noticias.com.mx\/sandbox\/wp-json\/wp\/v2\/types\/post"}],"author":[{"embeddable":true,"href":"https:\/\/a3noticias.com.mx\/sandbox\/wp-json\/wp\/v2\/users\/4"}],"replies":[{"embeddable":true,"href":"https:\/\/a3noticias.com.mx\/sandbox\/wp-json\/wp\/v2\/comments?post=18283"}],"version-history":[{"count":1,"href":"https:\/\/a3noticias.com.mx\/sandbox\/wp-json\/wp\/v2\/posts\/18283\/revisions"}],"predecessor-version":[{"id":18285,"href":"https:\/\/a3noticias.com.mx\/sandbox\/wp-json\/wp\/v2\/posts\/18283\/revisions\/18285"}],"wp:featuredmedia":[{"embeddable":true,"href":"https:\/\/a3noticias.com.mx\/sandbox\/wp-json\/wp\/v2\/media\/18284"}],"wp:attachment":[{"href":"https:\/\/a3noticias.com.mx\/sandbox\/wp-json\/wp\/v2\/media?parent=18283"}],"wp:term":[{"taxonomy":"category","embeddable":true,"href":"https:\/\/a3noticias.com.mx\/sandbox\/wp-json\/wp\/v2\/categories?post=18283"},{"taxonomy":"post_tag","embeddable":true,"href":"https:\/\/a3noticias.com.mx\/sandbox\/wp-json\/wp\/v2\/tags?post=18283"}],"curies":[{"name":"wp","href":"https:\/\/api.w.org\/{rel}","templated":true}]}}