{"id":18289,"date":"2022-01-17T11:27:14","date_gmt":"2022-01-17T17:27:14","guid":{"rendered":"https:\/\/a3noticias.com.mx\/sandbox\/?p=18289"},"modified":"2022-01-17T11:27:17","modified_gmt":"2022-01-17T17:27:17","slug":"secretaria-de-turismo-prepara-nueva-marca-para-posicionar-a-queretaro","status":"publish","type":"post","link":"https:\/\/a3noticias.com.mx\/sandbox\/2022\/01\/17\/secretaria-de-turismo-prepara-nueva-marca-para-posicionar-a-queretaro\/","title":{"rendered":"Secretar\u00eda de Turismo prepara nueva marca para posicionar a Quer\u00e9taro."},"content":{"rendered":"\n<p>La Secretar\u00eda de Turismo del estado de Quer\u00e9taro est\u00e1 preparando el lanzamiento de la marca tur\u00edstica para posicionar a la entidad a nivel nacional, de la cual, de acuerdo con la titular de la dependencia, Mariela Mor\u00e1n, se har\u00e1 la presentaci\u00f3n en febrero.&nbsp;<\/p>\n\n\n\n<blockquote class=\"wp-block-quote is-layout-flow wp-block-quote-is-layout-flow\"><p>\u201cEs una marca que ha tenido todo un respaldo en cuanto a informaci\u00f3n, narrativa, historia. Primero que nada hicimos todas estas encuestas a\u00a0 turistas, no tanto al sector, sino a qu\u00e9 es lo que espera el turista\u201d.<\/p><\/blockquote>\n\n\n\n<p>Se\u00f1al\u00f3 que dichas encuestas arrojaron como resultado la nueva marca tur\u00edstica, la cual se enfocar\u00e1 a cada regi\u00f3n del estado. Asimismo, la secretaria coment\u00f3 que esta nueva marca vendr\u00e1 acompa\u00f1ada de un sitio web, el cual consiste en un portal din\u00e1mico con una serie de historias, experiencias, narrativas, productos, servicios donde cada uno de los productores y prestadores podr\u00e1n vender m\u00e1s.&nbsp;<\/p>\n\n\n\n<p>Finalmente destac\u00f3 que el portal din\u00e1mico significa generar un piso parejo para todos los prestadores de servicios de todos los municipios.\u00a0<\/p>\n\n\n\n<p class=\"has-text-align-right\"><em>Foto: AM Quer\u00e9taro<\/em><\/p>\n","protected":false},"excerpt":{"rendered":"<p>La Secretar\u00eda de Turismo del estado de Quer\u00e9taro est\u00e1 preparando el lanzamiento de la marca tur\u00edstica para posicionar a la entidad a nivel nacional, de la cual, de acuerdo con &hellip; <a href=\"https:\/\/a3noticias.com.mx\/sandbox\/2022\/01\/17\/secretaria-de-turismo-prepara-nueva-marca-para-posicionar-a-queretaro\/\" class=\"more-link\">Leer m\u00e1s<\/a><\/p>\n","protected":false},"author":2,"featured_media":18290,"comment_status":"open","ping_status":"open","sticky":false,"template":"","format":"standard","meta":{"_monsterinsights_skip_tracking":false,"_monsterinsights_sitenote_active":false,"_monsterinsights_sitenote_note":"","_monsterinsights_sitenote_category":0,"footnotes":""},"categories":[2],"tags":[],"class_list":["post-18289","post","type-post","status-publish","format-standard","has-post-thumbnail","hentry","category-qro","entry"],"aioseo_notices":[],"_links":{"self":[{"href":"https:\/\/a3noticias.com.mx\/sandbox\/wp-json\/wp\/v2\/posts\/18289","targetHints":{"allow":["GET"]}}],"collection":[{"href":"https:\/\/a3noticias.com.mx\/sandbox\/wp-json\/wp\/v2\/posts"}],"about":[{"href":"https:\/\/a3noticias.com.mx\/sandbox\/wp-json\/wp\/v2\/types\/post"}],"author":[{"embeddable":true,"href":"https:\/\/a3noticias.com.mx\/sandbox\/wp-json\/wp\/v2\/users\/2"}],"replies":[{"embeddable":true,"href":"https:\/\/a3noticias.com.mx\/sandbox\/wp-json\/wp\/v2\/comments?post=18289"}],"version-history":[{"count":1,"href":"https:\/\/a3noticias.com.mx\/sandbox\/wp-json\/wp\/v2\/posts\/18289\/revisions"}],"predecessor-version":[{"id":18291,"href":"https:\/\/a3noticias.com.mx\/sandbox\/wp-json\/wp\/v2\/posts\/18289\/revisions\/18291"}],"wp:featuredmedia":[{"embeddable":true,"href":"https:\/\/a3noticias.com.mx\/sandbox\/wp-json\/wp\/v2\/media\/18290"}],"wp:attachment":[{"href":"https:\/\/a3noticias.com.mx\/sandbox\/wp-json\/wp\/v2\/media?parent=18289"}],"wp:term":[{"taxonomy":"category","embeddable":true,"href":"https:\/\/a3noticias.com.mx\/sandbox\/wp-json\/wp\/v2\/categories?post=18289"},{"taxonomy":"post_tag","embeddable":true,"href":"https:\/\/a3noticias.com.mx\/sandbox\/wp-json\/wp\/v2\/tags?post=18289"}],"curies":[{"name":"wp","href":"https:\/\/api.w.org\/{rel}","templated":true}]}}