{"id":18295,"date":"2022-01-17T12:44:54","date_gmt":"2022-01-17T18:44:54","guid":{"rendered":"https:\/\/a3noticias.com.mx\/sandbox\/?p=18295"},"modified":"2022-01-17T12:44:56","modified_gmt":"2022-01-17T18:44:56","slug":"nava-alvarado-ex-ombudsman-confirma-que-volvera-a-buscar-presidencia-de-ddhq","status":"publish","type":"post","link":"https:\/\/a3noticias.com.mx\/sandbox\/2022\/01\/17\/nava-alvarado-ex-ombudsman-confirma-que-volvera-a-buscar-presidencia-de-ddhq\/","title":{"rendered":"Nava Alvarado, ex ombudsman, confirma que volver\u00e1 a buscar presidencia de DDHQ."},"content":{"rendered":"\n<p>Miguel Nava Alvarado, el ex ombudsman y ex candidato a la gubernatura por el partido Redes Sociales Progresistas (RSP) dijo que buscar\u00e1 presidir nuevamente la Defensor\u00eda de los Derechos Humanos de Quer\u00e9taro para el per\u00edodo 2022-2027.&nbsp;<\/p>\n\n\n\n<p>Nava Alvarado se\u00f1al\u00f3 que cumple con el perfil requerido, pues cuenta con la experiencia de haber presidido este organismo de 2012 a 2017, adem\u00e1s de contar con doctorado y estudios avanzados en Derechos Humanos, la experiencia de haber sido Director en la Comisi\u00f3n Nacional de Derechos Humanos, el primer coordinador para la promoci\u00f3n y protecci\u00f3n de los Derechos Humanos en el gobierno estatal, y actualmente dedicado al litigio de derechos humanos a nivel nacional e internacional.&nbsp;&nbsp;<\/p>\n\n\n\n<p>El ex ombudsman anticip\u00f3 que en los pr\u00f3ximos d\u00edas acudir\u00e1 al legislativo a entregar la documentaci\u00f3n correspondiente para registrarse como candidato para presidir la dependencia.&nbsp;<\/p>\n\n\n\n<blockquote class=\"wp-block-quote is-layout-flow wp-block-quote-is-layout-flow\"><p>\u201cSi tengo deseos de participar, la convocatoria es para que quienes aspiremos entreguemos la documentaci\u00f3n antes del 20 de enero. Va ser una oportunidad que van a tener los diputados para ver si hay condiciones de una separaci\u00f3n en la decisi\u00f3n de lo que ha venido siendo una decisi\u00f3n del Poder Ejecutivo a trav\u00e9s de los diputados de mayor\u00eda, porque casi siempre reciben l\u00ednea\u201d.<\/p><\/blockquote>\n\n\n\n<p>Como aspirante, apel\u00f3 a que las comparecencias de quienes pasen la etapa de registro sean p\u00fablicas, pero que adem\u00e1s estas sean acompa\u00f1adas por colegios de profesionistas, universidades, organizaciones no gubernamentales, que tambi\u00e9n puedan cuestionar y legitimar una decisi\u00f3n objetiva e imparcial, en la que se garantice que la nueva persona titular proteger\u00e1 los derechos humanos y no los intereses del gobierno estatal o municipales.&nbsp;<\/p>\n","protected":false},"excerpt":{"rendered":"<p>Miguel Nava Alvarado, el ex ombudsman y ex candidato a la gubernatura por el partido Redes Sociales Progresistas (RSP) dijo que buscar\u00e1 presidir nuevamente la Defensor\u00eda de los Derechos Humanos &hellip; <a href=\"https:\/\/a3noticias.com.mx\/sandbox\/2022\/01\/17\/nava-alvarado-ex-ombudsman-confirma-que-volvera-a-buscar-presidencia-de-ddhq\/\" class=\"more-link\">Leer m\u00e1s<\/a><\/p>\n","protected":false},"author":2,"featured_media":18296,"comment_status":"open","ping_status":"open","sticky":false,"template":"","format":"standard","meta":{"_monsterinsights_skip_tracking":false,"_monsterinsights_sitenote_active":false,"_monsterinsights_sitenote_note":"","_monsterinsights_sitenote_category":0,"footnotes":""},"categories":[2],"tags":[],"class_list":["post-18295","post","type-post","status-publish","format-standard","has-post-thumbnail","hentry","category-qro","entry"],"aioseo_notices":[],"_links":{"self":[{"href":"https:\/\/a3noticias.com.mx\/sandbox\/wp-json\/wp\/v2\/posts\/18295","targetHints":{"allow":["GET"]}}],"collection":[{"href":"https:\/\/a3noticias.com.mx\/sandbox\/wp-json\/wp\/v2\/posts"}],"about":[{"href":"https:\/\/a3noticias.com.mx\/sandbox\/wp-json\/wp\/v2\/types\/post"}],"author":[{"embeddable":true,"href":"https:\/\/a3noticias.com.mx\/sandbox\/wp-json\/wp\/v2\/users\/2"}],"replies":[{"embeddable":true,"href":"https:\/\/a3noticias.com.mx\/sandbox\/wp-json\/wp\/v2\/comments?post=18295"}],"version-history":[{"count":1,"href":"https:\/\/a3noticias.com.mx\/sandbox\/wp-json\/wp\/v2\/posts\/18295\/revisions"}],"predecessor-version":[{"id":18297,"href":"https:\/\/a3noticias.com.mx\/sandbox\/wp-json\/wp\/v2\/posts\/18295\/revisions\/18297"}],"wp:featuredmedia":[{"embeddable":true,"href":"https:\/\/a3noticias.com.mx\/sandbox\/wp-json\/wp\/v2\/media\/18296"}],"wp:attachment":[{"href":"https:\/\/a3noticias.com.mx\/sandbox\/wp-json\/wp\/v2\/media?parent=18295"}],"wp:term":[{"taxonomy":"category","embeddable":true,"href":"https:\/\/a3noticias.com.mx\/sandbox\/wp-json\/wp\/v2\/categories?post=18295"},{"taxonomy":"post_tag","embeddable":true,"href":"https:\/\/a3noticias.com.mx\/sandbox\/wp-json\/wp\/v2\/tags?post=18295"}],"curies":[{"name":"wp","href":"https:\/\/api.w.org\/{rel}","templated":true}]}}