{"id":18298,"date":"2022-01-17T13:14:16","date_gmt":"2022-01-17T19:14:16","guid":{"rendered":"https:\/\/a3noticias.com.mx\/sandbox\/?p=18298"},"modified":"2022-01-17T13:14:19","modified_gmt":"2022-01-17T19:14:19","slug":"qrobus-hara-encuestas-a-sus-usuarios-para-mejorar-calidad-en-transporte","status":"publish","type":"post","link":"https:\/\/a3noticias.com.mx\/sandbox\/2022\/01\/17\/qrobus-hara-encuestas-a-sus-usuarios-para-mejorar-calidad-en-transporte\/","title":{"rendered":"Qrob\u00fas har\u00e1 encuestas a sus usuarios para mejorar calidad en transporte"},"content":{"rendered":"\n<p>Con el fin de optimizar las rutas existentes y regularizar la frecuencia de las unidades del Sistema de Transporte P\u00fablico Qrob\u00fas, a partir de este lunes 17 de enero y hasta el pr\u00f3ximo 17 de febrero, se estar\u00e1n haciendo encuestas origen-destino a los usuarios, inform\u00f3 el Instituto Queretano del Transporte (IQT).<\/p>\n\n\n\n<p>De acuerdo con el director general de la dependencia, David S\u00e1nchez Padilla, la primera etapa de esta consulta&nbsp;inici\u00f3 el a\u00f1o pasado en diciembre, con el an\u00e1lisis de los datos registrados de manera hist\u00f3rica por el Instituto, por lo que en esta segunda etapa, se buscar\u00e1 recabar informaci\u00f3n sobre modificaciones en la movilidad de los usuarios a causa de la pandemia.<\/p>\n\n\n\n<blockquote class=\"wp-block-quote is-layout-flow wp-block-quote-is-layout-flow\"><p>\u201cEste proceso ir\u00e1 de la mano de los usuarios para atender sus necesidades de movilidad. Quer\u00e9taro ha crecido de manera importante en los \u00faltimos a\u00f1os, por eso es necesario llevar a cabo un ejercicio de este tipo\u201d apunt\u00f3.<\/p><\/blockquote>\n\n\n\n<p>Se\u00f1al\u00f3 que los encuestadores portar\u00e1n chalecos distintivos y que las encuestas ser\u00e1n totalmente confidenciales, por lo que no se deber\u00e1 preguntar a los usuarios datos personales.<\/p>\n\n\n\n<p>Entre las preguntas que se har\u00e1n est\u00e1 el punto de origen donde se toma el autob\u00fas, lugar de destino, motivo del viaje y cantidad de veces que se ocupa el transporte p\u00fablico.<\/p>\n\n\n\n<blockquote class=\"wp-block-quote is-layout-flow wp-block-quote-is-layout-flow\"><p>\u201cLos resultados que tengamos nos permitir\u00e1n aportar para corregir el problema de regularidad en las frecuencias, hacer ajustes al sistema de rutas para hacerlas m\u00e1s eficientes y mejorar la calidad de vida de los queretanos\u201d, asever\u00f3.<\/p><\/blockquote>\n\n\n\n<p>Las encuestas se llevar\u00e1n a cabo en paraderos, estaciones, as\u00ed como al interior de las unidades m\u00f3viles Qrob\u00fas.<\/p>\n","protected":false},"excerpt":{"rendered":"<p>Con el fin de optimizar las rutas existentes y regularizar la frecuencia de las unidades del Sistema de Transporte P\u00fablico Qrob\u00fas, a partir de este lunes 17 de enero y &hellip; <a href=\"https:\/\/a3noticias.com.mx\/sandbox\/2022\/01\/17\/qrobus-hara-encuestas-a-sus-usuarios-para-mejorar-calidad-en-transporte\/\" class=\"more-link\">Leer m\u00e1s<\/a><\/p>\n","protected":false},"author":4,"featured_media":18299,"comment_status":"open","ping_status":"open","sticky":false,"template":"","format":"standard","meta":{"_monsterinsights_skip_tracking":false,"_monsterinsights_sitenote_active":false,"_monsterinsights_sitenote_note":"","_monsterinsights_sitenote_category":0,"footnotes":""},"categories":[2],"tags":[],"class_list":["post-18298","post","type-post","status-publish","format-standard","has-post-thumbnail","hentry","category-qro","entry"],"aioseo_notices":[],"_links":{"self":[{"href":"https:\/\/a3noticias.com.mx\/sandbox\/wp-json\/wp\/v2\/posts\/18298","targetHints":{"allow":["GET"]}}],"collection":[{"href":"https:\/\/a3noticias.com.mx\/sandbox\/wp-json\/wp\/v2\/posts"}],"about":[{"href":"https:\/\/a3noticias.com.mx\/sandbox\/wp-json\/wp\/v2\/types\/post"}],"author":[{"embeddable":true,"href":"https:\/\/a3noticias.com.mx\/sandbox\/wp-json\/wp\/v2\/users\/4"}],"replies":[{"embeddable":true,"href":"https:\/\/a3noticias.com.mx\/sandbox\/wp-json\/wp\/v2\/comments?post=18298"}],"version-history":[{"count":1,"href":"https:\/\/a3noticias.com.mx\/sandbox\/wp-json\/wp\/v2\/posts\/18298\/revisions"}],"predecessor-version":[{"id":18300,"href":"https:\/\/a3noticias.com.mx\/sandbox\/wp-json\/wp\/v2\/posts\/18298\/revisions\/18300"}],"wp:featuredmedia":[{"embeddable":true,"href":"https:\/\/a3noticias.com.mx\/sandbox\/wp-json\/wp\/v2\/media\/18299"}],"wp:attachment":[{"href":"https:\/\/a3noticias.com.mx\/sandbox\/wp-json\/wp\/v2\/media?parent=18298"}],"wp:term":[{"taxonomy":"category","embeddable":true,"href":"https:\/\/a3noticias.com.mx\/sandbox\/wp-json\/wp\/v2\/categories?post=18298"},{"taxonomy":"post_tag","embeddable":true,"href":"https:\/\/a3noticias.com.mx\/sandbox\/wp-json\/wp\/v2\/tags?post=18298"}],"curies":[{"name":"wp","href":"https:\/\/api.w.org\/{rel}","templated":true}]}}