{"id":18305,"date":"2022-01-18T09:54:17","date_gmt":"2022-01-18T15:54:17","guid":{"rendered":"https:\/\/a3noticias.com.mx\/sandbox\/?p=18305"},"modified":"2022-01-18T09:54:19","modified_gmt":"2022-01-18T15:54:19","slug":"mexico-es-primer-pais-de-america-latina-en-aprobar-tratamiento-para-covid-19-en-pastillas","status":"publish","type":"post","link":"https:\/\/a3noticias.com.mx\/sandbox\/2022\/01\/18\/mexico-es-primer-pais-de-america-latina-en-aprobar-tratamiento-para-covid-19-en-pastillas\/","title":{"rendered":"M\u00e9xico es primer pa\u00eds de Am\u00e9rica Latina en aprobar tratamiento para covid-19 en pastillas."},"content":{"rendered":"\n<p>El secretario de Relaciones Exteriores, Marcelo Ebrard Casaub\u00f3n, inform\u00f3 que M\u00e9xico ser\u00e1 el primer pa\u00eds de Am\u00e9rica Latina que aprueba las pastillas <em>molnupiravir<\/em> y <em>paxlovid<\/em>, las cuales sirven para tratar el coronavirus covid-19, y son desarrolladas por las empresas farmac\u00e9uticas Pfizer y Merck.&nbsp;<\/p>\n\n\n\n<blockquote class=\"wp-block-quote is-layout-flow wp-block-quote-is-layout-flow\"><p>\u00abSe mencion\u00f3 la aprobaci\u00f3n de medicamentos, lo importante es que somos el primer pa\u00eds de Am\u00e9rica Latina que autoriza estos medicamentos, por lo tanto vamos a tener posibilidad de tener estos medicamentos primero\u00bb<\/p><\/blockquote>\n\n\n\n<p>Por su parte, el subsecretario de salud, Hugo L\u00f3pez-Gatell, se\u00f1al\u00f3 que los acuerdos para adquirir dichos medicamentos se encuentran muy avanzados, y se espera que entre esta semana y febrero se completen las negociaciones.&nbsp; Asimismo, el presidente Andr\u00e9s Manuel L\u00f3pez Obrador sostuvo que su gobierno posee los recursos suficientes para llevar a cabo la compra.&nbsp;<\/p>\n\n\n\n<blockquote class=\"wp-block-quote is-layout-flow wp-block-quote-is-layout-flow\"><p>\u201cEstamos en negociaciones, una negociaci\u00f3n es informaci\u00f3n confidencial, respetamos lo que los laboratorios piden. La negociaci\u00f3n est\u00e1 en curso, tuvimos un esquema temprano de relaci\u00f3n, los laboratorios nos buscaron, establecimos v\u00edas de comunicaci\u00f3n y la primera regulaci\u00f3n sanitaria. Probablemente en esta semana se concretar\u00e1 o en febrero\u201d<\/p><\/blockquote>\n\n\n\n<p>El d\u00eda de ayer, el mandatario federal apunt\u00f3 que se est\u00e1 analizando la posibilidad de que estos tratamientos contra covid-19 se vendan de manera libre en farmacias.&nbsp;&nbsp;<\/p>\n","protected":false},"excerpt":{"rendered":"<p>El secretario de Relaciones Exteriores, Marcelo Ebrard Casaub\u00f3n, inform\u00f3 que M\u00e9xico ser\u00e1 el primer pa\u00eds de Am\u00e9rica Latina que aprueba las pastillas molnupiravir y paxlovid, las cuales sirven para tratar &hellip; <a href=\"https:\/\/a3noticias.com.mx\/sandbox\/2022\/01\/18\/mexico-es-primer-pais-de-america-latina-en-aprobar-tratamiento-para-covid-19-en-pastillas\/\" class=\"more-link\">Leer m\u00e1s<\/a><\/p>\n","protected":false},"author":2,"featured_media":18306,"comment_status":"open","ping_status":"open","sticky":false,"template":"","format":"standard","meta":{"_monsterinsights_skip_tracking":false,"_monsterinsights_sitenote_active":false,"_monsterinsights_sitenote_note":"","_monsterinsights_sitenote_category":0,"footnotes":""},"categories":[3],"tags":[],"class_list":["post-18305","post","type-post","status-publish","format-standard","has-post-thumbnail","hentry","category-nal","entry"],"aioseo_notices":[],"_links":{"self":[{"href":"https:\/\/a3noticias.com.mx\/sandbox\/wp-json\/wp\/v2\/posts\/18305","targetHints":{"allow":["GET"]}}],"collection":[{"href":"https:\/\/a3noticias.com.mx\/sandbox\/wp-json\/wp\/v2\/posts"}],"about":[{"href":"https:\/\/a3noticias.com.mx\/sandbox\/wp-json\/wp\/v2\/types\/post"}],"author":[{"embeddable":true,"href":"https:\/\/a3noticias.com.mx\/sandbox\/wp-json\/wp\/v2\/users\/2"}],"replies":[{"embeddable":true,"href":"https:\/\/a3noticias.com.mx\/sandbox\/wp-json\/wp\/v2\/comments?post=18305"}],"version-history":[{"count":1,"href":"https:\/\/a3noticias.com.mx\/sandbox\/wp-json\/wp\/v2\/posts\/18305\/revisions"}],"predecessor-version":[{"id":18307,"href":"https:\/\/a3noticias.com.mx\/sandbox\/wp-json\/wp\/v2\/posts\/18305\/revisions\/18307"}],"wp:featuredmedia":[{"embeddable":true,"href":"https:\/\/a3noticias.com.mx\/sandbox\/wp-json\/wp\/v2\/media\/18306"}],"wp:attachment":[{"href":"https:\/\/a3noticias.com.mx\/sandbox\/wp-json\/wp\/v2\/media?parent=18305"}],"wp:term":[{"taxonomy":"category","embeddable":true,"href":"https:\/\/a3noticias.com.mx\/sandbox\/wp-json\/wp\/v2\/categories?post=18305"},{"taxonomy":"post_tag","embeddable":true,"href":"https:\/\/a3noticias.com.mx\/sandbox\/wp-json\/wp\/v2\/tags?post=18305"}],"curies":[{"name":"wp","href":"https:\/\/api.w.org\/{rel}","templated":true}]}}