{"id":18308,"date":"2022-01-18T10:27:36","date_gmt":"2022-01-18T16:27:36","guid":{"rendered":"https:\/\/a3noticias.com.mx\/sandbox\/?p=18308"},"modified":"2022-01-18T10:27:37","modified_gmt":"2022-01-18T16:27:37","slug":"proyecto-para-avenida-5-de-febrero-se-encuentra-en-proceso","status":"publish","type":"post","link":"https:\/\/a3noticias.com.mx\/sandbox\/2022\/01\/18\/proyecto-para-avenida-5-de-febrero-se-encuentra-en-proceso\/","title":{"rendered":"Proyecto para Avenida 5 de Febrero se encuentra en proceso."},"content":{"rendered":"\n<p>Fernando Gonz\u00e1lez Salinas, titular de la Secretar\u00eda de Desarrollo Urbano y Obras P\u00fablicas, se\u00f1al\u00f3 que los foros de consulta para el proyecto de Avenida 5 de febrero ya concluyeron y que ahora se encuentran en proceso de elaboraci\u00f3n.&nbsp;<\/p>\n\n\n\n<p>El funcionario dijo desconocer cu\u00e1nto se podr\u00eda invertir en este proyecto, pues esto se podr\u00e1 determinar en cuanto sea concluido.&nbsp;<\/p>\n\n\n\n<p>Asimismo, aclar\u00f3 que el encargado de determinar el n\u00famero de paradas en esta vialidad ser\u00e1 el Instituto Queretano del Transporte.<\/p>\n\n\n\n<blockquote class=\"wp-block-quote is-layout-flow wp-block-quote-is-layout-flow\"><p>\u201cEso lo estamos conciliando con el Instituto Queretano del Transporte. Ellos nos est\u00e1n identificando los lugares exactos\u201d.<\/p><\/blockquote>\n","protected":false},"excerpt":{"rendered":"<p>Fernando Gonz\u00e1lez Salinas, titular de la Secretar\u00eda de Desarrollo Urbano y Obras P\u00fablicas, se\u00f1al\u00f3 que los foros de consulta para el proyecto de Avenida 5 de febrero ya concluyeron y &hellip; <a href=\"https:\/\/a3noticias.com.mx\/sandbox\/2022\/01\/18\/proyecto-para-avenida-5-de-febrero-se-encuentra-en-proceso\/\" class=\"more-link\">Leer m\u00e1s<\/a><\/p>\n","protected":false},"author":2,"featured_media":16799,"comment_status":"open","ping_status":"open","sticky":false,"template":"","format":"standard","meta":{"_monsterinsights_skip_tracking":false,"_monsterinsights_sitenote_active":false,"_monsterinsights_sitenote_note":"","_monsterinsights_sitenote_category":0,"footnotes":""},"categories":[2],"tags":[],"class_list":["post-18308","post","type-post","status-publish","format-standard","has-post-thumbnail","hentry","category-qro","entry"],"aioseo_notices":[],"_links":{"self":[{"href":"https:\/\/a3noticias.com.mx\/sandbox\/wp-json\/wp\/v2\/posts\/18308","targetHints":{"allow":["GET"]}}],"collection":[{"href":"https:\/\/a3noticias.com.mx\/sandbox\/wp-json\/wp\/v2\/posts"}],"about":[{"href":"https:\/\/a3noticias.com.mx\/sandbox\/wp-json\/wp\/v2\/types\/post"}],"author":[{"embeddable":true,"href":"https:\/\/a3noticias.com.mx\/sandbox\/wp-json\/wp\/v2\/users\/2"}],"replies":[{"embeddable":true,"href":"https:\/\/a3noticias.com.mx\/sandbox\/wp-json\/wp\/v2\/comments?post=18308"}],"version-history":[{"count":1,"href":"https:\/\/a3noticias.com.mx\/sandbox\/wp-json\/wp\/v2\/posts\/18308\/revisions"}],"predecessor-version":[{"id":18309,"href":"https:\/\/a3noticias.com.mx\/sandbox\/wp-json\/wp\/v2\/posts\/18308\/revisions\/18309"}],"wp:featuredmedia":[{"embeddable":true,"href":"https:\/\/a3noticias.com.mx\/sandbox\/wp-json\/wp\/v2\/media\/16799"}],"wp:attachment":[{"href":"https:\/\/a3noticias.com.mx\/sandbox\/wp-json\/wp\/v2\/media?parent=18308"}],"wp:term":[{"taxonomy":"category","embeddable":true,"href":"https:\/\/a3noticias.com.mx\/sandbox\/wp-json\/wp\/v2\/categories?post=18308"},{"taxonomy":"post_tag","embeddable":true,"href":"https:\/\/a3noticias.com.mx\/sandbox\/wp-json\/wp\/v2\/tags?post=18308"}],"curies":[{"name":"wp","href":"https:\/\/api.w.org\/{rel}","templated":true}]}}