{"id":18314,"date":"2022-01-18T12:34:26","date_gmt":"2022-01-18T18:34:26","guid":{"rendered":"https:\/\/a3noticias.com.mx\/sandbox\/?p=18314"},"modified":"2022-01-18T12:34:29","modified_gmt":"2022-01-18T18:34:29","slug":"dif-estatal-crea-nueva-procuraduria-que-atendera-a-personas-adultas-mayores-y-personas-con-discapacidad","status":"publish","type":"post","link":"https:\/\/a3noticias.com.mx\/sandbox\/2022\/01\/18\/dif-estatal-crea-nueva-procuraduria-que-atendera-a-personas-adultas-mayores-y-personas-con-discapacidad\/","title":{"rendered":"DIF estatal crea nueva procuradur\u00eda que atender\u00e1 a personas adultas mayores y personas con discapacidad."},"content":{"rendered":"\n<p>Con la finalidad de atender, de manera integral, a personas adultas mayores y personas con discapacidad en el estado de Quer\u00e9taro, el Sistema Estatal DIF implementar\u00e1 una Procuradur\u00eda dedicada a estos sectores de la poblaci\u00f3n.<\/p>\n\n\n\n<p>De acuerdo con Oscar G\u00f3mez Niembro, Director del DIF Estatal, esta nueva procuradur\u00eda est\u00e1 integrada aproximadamente de 25 a 27 nuevos servidores p\u00fablicos, y tendr\u00e1 un procurador o procuradora, as\u00ed como un subprocurador o subprocuradora.&nbsp;<\/p>\n\n\n\n<p>Se\u00f1al\u00f3 que contar\u00e1 con \u00e1reas de trabajo social,&nbsp; psicolog\u00eda, medicina general, geriatr\u00eda, gerontolog\u00eda, as\u00ed como un \u00e1rea que estar\u00e1 en constante comunicaci\u00f3n con los asilos que trabajan en el estado y que tengan necesidades de asistencia.&nbsp;<\/p>\n\n\n\n<p>G\u00f3mez Niembro, indic\u00f3 que esta nueva Procuradur\u00eda comenzar\u00e1 a operar antes de que concluya el mes y que su ubicaci\u00f3n temporal ser\u00e1 en las instalaciones del DIF que se encuentra en el Cerro de las Campanas<\/p>\n","protected":false},"excerpt":{"rendered":"<p>Con la finalidad de atender, de manera integral, a personas adultas mayores y personas con discapacidad en el estado de Quer\u00e9taro, el Sistema Estatal DIF implementar\u00e1 una Procuradur\u00eda dedicada a &hellip; <a href=\"https:\/\/a3noticias.com.mx\/sandbox\/2022\/01\/18\/dif-estatal-crea-nueva-procuraduria-que-atendera-a-personas-adultas-mayores-y-personas-con-discapacidad\/\" class=\"more-link\">Leer m\u00e1s<\/a><\/p>\n","protected":false},"author":2,"featured_media":18315,"comment_status":"open","ping_status":"open","sticky":false,"template":"","format":"standard","meta":{"_monsterinsights_skip_tracking":false,"_monsterinsights_sitenote_active":false,"_monsterinsights_sitenote_note":"","_monsterinsights_sitenote_category":0,"footnotes":""},"categories":[2],"tags":[],"class_list":["post-18314","post","type-post","status-publish","format-standard","has-post-thumbnail","hentry","category-qro","entry"],"aioseo_notices":[],"_links":{"self":[{"href":"https:\/\/a3noticias.com.mx\/sandbox\/wp-json\/wp\/v2\/posts\/18314","targetHints":{"allow":["GET"]}}],"collection":[{"href":"https:\/\/a3noticias.com.mx\/sandbox\/wp-json\/wp\/v2\/posts"}],"about":[{"href":"https:\/\/a3noticias.com.mx\/sandbox\/wp-json\/wp\/v2\/types\/post"}],"author":[{"embeddable":true,"href":"https:\/\/a3noticias.com.mx\/sandbox\/wp-json\/wp\/v2\/users\/2"}],"replies":[{"embeddable":true,"href":"https:\/\/a3noticias.com.mx\/sandbox\/wp-json\/wp\/v2\/comments?post=18314"}],"version-history":[{"count":1,"href":"https:\/\/a3noticias.com.mx\/sandbox\/wp-json\/wp\/v2\/posts\/18314\/revisions"}],"predecessor-version":[{"id":18316,"href":"https:\/\/a3noticias.com.mx\/sandbox\/wp-json\/wp\/v2\/posts\/18314\/revisions\/18316"}],"wp:featuredmedia":[{"embeddable":true,"href":"https:\/\/a3noticias.com.mx\/sandbox\/wp-json\/wp\/v2\/media\/18315"}],"wp:attachment":[{"href":"https:\/\/a3noticias.com.mx\/sandbox\/wp-json\/wp\/v2\/media?parent=18314"}],"wp:term":[{"taxonomy":"category","embeddable":true,"href":"https:\/\/a3noticias.com.mx\/sandbox\/wp-json\/wp\/v2\/categories?post=18314"},{"taxonomy":"post_tag","embeddable":true,"href":"https:\/\/a3noticias.com.mx\/sandbox\/wp-json\/wp\/v2\/tags?post=18314"}],"curies":[{"name":"wp","href":"https:\/\/api.w.org\/{rel}","templated":true}]}}