{"id":18317,"date":"2022-01-18T14:47:39","date_gmt":"2022-01-18T20:47:39","guid":{"rendered":"https:\/\/a3noticias.com.mx\/sandbox\/?p=18317"},"modified":"2022-01-18T15:02:22","modified_gmt":"2022-01-18T21:02:22","slug":"uno-de-los-sujetos-que-amedrento-a-policias-en-av-constituyentes-ya-fue-detenido","status":"publish","type":"post","link":"https:\/\/a3noticias.com.mx\/sandbox\/2022\/01\/18\/uno-de-los-sujetos-que-amedrento-a-policias-en-av-constituyentes-ya-fue-detenido\/","title":{"rendered":"Uno de los sujetos que amedrent\u00f3 a polic\u00edas en Av. Constituyentes ya fue detenido."},"content":{"rendered":"\n<p>La Secretar\u00eda de Seguridad P\u00fablica Municipal de Quer\u00e9taro se\u00f1al\u00f3 que respecto al v\u00eddeo que circula en redes sociales, en el que se observa c\u00f3mo dos sujetos en presunto estado de ebriedad amedrentan a polic\u00edas municipales, una de las personas agresoras ya fue detenida y puesta a disposici\u00f3n de las autoridades para determinar su situaci\u00f3n jur\u00eddica.<\/p>\n\n\n\n<iframe loading=\"lazy\" src=\"https:\/\/www.facebook.com\/plugins\/post.php?href=https%3A%2F%2Fwww.facebook.com%2Fsspmqueretaro%2Fposts%2F3116347708614313&#038;show_text=true&#038;width=500\" width=\"500\" height=\"354\" style=\"border:none;overflow:hidden\" scrolling=\"no\" frameborder=\"0\" allowfullscreen=\"true\" allow=\"autoplay; clipboard-write; encrypted-media; picture-in-picture; web-share\"><\/iframe>\n\n\n\n<p>El hecho se suscit\u00f3 el fin de semana pasado sobre Avenida Constituyentes, en el cruce con calle Jos\u00e9 Siurob, en las inmediaciones de&nbsp; la colonia Alameda, ah\u00ed los sujetos aparentemente desarmaron a los polic\u00edas de la patrulla M-1128 y realizaron detonaciones de arma de fuego.&nbsp;<\/p>\n\n\n\n<p>Los oficiales, luego de ser amagados, aparentemente con sus mismas armas, intentan huir dejando abandonada su unidad policiaca.<\/p>\n\n\n\n<p>El v\u00eddeo fue grabado desde un veh\u00edculo en el que iba una familia; \u200b\u200bde este hecho se informa que no se report\u00f3 ninguna persona lesionada. Asimismo, el \u00d3rgano Interno de esta Secretar\u00eda ha iniciado la investigaci\u00f3n correspondiente del actuar policial.<\/p>\n","protected":false},"excerpt":{"rendered":"<p>La Secretar\u00eda de Seguridad P\u00fablica Municipal de Quer\u00e9taro se\u00f1al\u00f3 que respecto al v\u00eddeo que circula en redes sociales, en el que se observa c\u00f3mo dos sujetos en presunto estado de &hellip; <a href=\"https:\/\/a3noticias.com.mx\/sandbox\/2022\/01\/18\/uno-de-los-sujetos-que-amedrento-a-policias-en-av-constituyentes-ya-fue-detenido\/\" class=\"more-link\">Leer m\u00e1s<\/a><\/p>\n","protected":false},"author":2,"featured_media":18318,"comment_status":"open","ping_status":"open","sticky":false,"template":"","format":"standard","meta":{"_monsterinsights_skip_tracking":false,"_monsterinsights_sitenote_active":false,"_monsterinsights_sitenote_note":"","_monsterinsights_sitenote_category":0,"footnotes":""},"categories":[2],"tags":[],"class_list":["post-18317","post","type-post","status-publish","format-standard","has-post-thumbnail","hentry","category-qro","entry"],"aioseo_notices":[],"_links":{"self":[{"href":"https:\/\/a3noticias.com.mx\/sandbox\/wp-json\/wp\/v2\/posts\/18317","targetHints":{"allow":["GET"]}}],"collection":[{"href":"https:\/\/a3noticias.com.mx\/sandbox\/wp-json\/wp\/v2\/posts"}],"about":[{"href":"https:\/\/a3noticias.com.mx\/sandbox\/wp-json\/wp\/v2\/types\/post"}],"author":[{"embeddable":true,"href":"https:\/\/a3noticias.com.mx\/sandbox\/wp-json\/wp\/v2\/users\/2"}],"replies":[{"embeddable":true,"href":"https:\/\/a3noticias.com.mx\/sandbox\/wp-json\/wp\/v2\/comments?post=18317"}],"version-history":[{"count":2,"href":"https:\/\/a3noticias.com.mx\/sandbox\/wp-json\/wp\/v2\/posts\/18317\/revisions"}],"predecessor-version":[{"id":18320,"href":"https:\/\/a3noticias.com.mx\/sandbox\/wp-json\/wp\/v2\/posts\/18317\/revisions\/18320"}],"wp:featuredmedia":[{"embeddable":true,"href":"https:\/\/a3noticias.com.mx\/sandbox\/wp-json\/wp\/v2\/media\/18318"}],"wp:attachment":[{"href":"https:\/\/a3noticias.com.mx\/sandbox\/wp-json\/wp\/v2\/media?parent=18317"}],"wp:term":[{"taxonomy":"category","embeddable":true,"href":"https:\/\/a3noticias.com.mx\/sandbox\/wp-json\/wp\/v2\/categories?post=18317"},{"taxonomy":"post_tag","embeddable":true,"href":"https:\/\/a3noticias.com.mx\/sandbox\/wp-json\/wp\/v2\/tags?post=18317"}],"curies":[{"name":"wp","href":"https:\/\/api.w.org\/{rel}","templated":true}]}}