{"id":18326,"date":"2022-01-19T09:54:45","date_gmt":"2022-01-19T15:54:45","guid":{"rendered":"https:\/\/a3noticias.com.mx\/sandbox\/?p=18326"},"modified":"2022-01-19T09:54:48","modified_gmt":"2022-01-19T15:54:48","slug":"de-114-mil-escuelas-en-el-pais-unicamente-en-259-se-han-presentado-afectaciones-por-covid-19-amlo","status":"publish","type":"post","link":"https:\/\/a3noticias.com.mx\/sandbox\/2022\/01\/19\/de-114-mil-escuelas-en-el-pais-unicamente-en-259-se-han-presentado-afectaciones-por-covid-19-amlo\/","title":{"rendered":"De 114 mil escuelas en el pa\u00eds, \u00fanicamente en 259 se han presentado afectaciones por Covid-19: AMLO"},"content":{"rendered":"\n<p>Luego del regreso a clases presencial, el presidente, Andr\u00e9s Manuel L\u00f3pez Obrador, se\u00f1al\u00f3 a trav\u00e9s de su conferencia \u2018La Ma\u00f1anera\u2019 que \u00fanicamente se han presentado afectaciones por covid-19 en 259 escuelas de las 114 mil que hay en todo el pa\u00eds.&nbsp;<\/p>\n\n\n\n<p>Dichas cifras representan al 0,23 por ciento de los planteles educativos; por ello, el jefe del Ejecutivo reiter\u00f3 su llamado a volver a las aulas para no afectar el proceso de aprendizaje de los alumnos.&nbsp;<\/p>\n\n\n\n<blockquote class=\"wp-block-quote is-layout-flow wp-block-quote-is-layout-flow\"><p>\u00a0\u201cEscuelas afectadas, son 114 mil, el porcentaje es de 0.23 por ciento, escuelas cerradas 81, escuelas con grupos afectados, 178, total, 259 escuelas. Este es el corte que tenemos\u201d.<\/p><\/blockquote>\n\n\n\n<p>Asimismo, sobre el pr\u00f3ximo inicio de clases en educaci\u00f3n superior, el mandatario federal celebr\u00f3 que la Universidad Nacional Aut\u00f3noma de M\u00e9xico (UNAM) est\u00e9 analizando volver a las aulas de forma presencial.&nbsp;<\/p>\n\n\n\n<p>En este sentido, compar\u00f3 a la instituci\u00f3n con el Colegio Militar, que dijo, nunca suspendi\u00f3 esta modalidad de ense\u00f1anza, pese a la pandemia de covid-19.&nbsp; \u201c<\/p>\n\n\n\n<blockquote class=\"wp-block-quote is-layout-flow wp-block-quote-is-layout-flow\"><p>\u00abYa hasta celebro de que la UNAM dio a conocer que va a empezar a analizar, va a empezar a revisar si conviene el regreso a clases presenciales. Ya es un avance. A veces no son buenas las comparaciones, pero s\u00ed ayuda a entender ciertas cosas. Miren, hasta en los tiempos m\u00e1s dif\u00edciles de la pandemia, no dejaron los del Colegio Militar de impartir clases, no se cerraron los planteles\u201d.<\/p><\/blockquote>\n","protected":false},"excerpt":{"rendered":"<p>Luego del regreso a clases presencial, el presidente, Andr\u00e9s Manuel L\u00f3pez Obrador, se\u00f1al\u00f3 a trav\u00e9s de su conferencia \u2018La Ma\u00f1anera\u2019 que \u00fanicamente se han presentado afectaciones por covid-19 en 259 &hellip; <a href=\"https:\/\/a3noticias.com.mx\/sandbox\/2022\/01\/19\/de-114-mil-escuelas-en-el-pais-unicamente-en-259-se-han-presentado-afectaciones-por-covid-19-amlo\/\" class=\"more-link\">Leer m\u00e1s<\/a><\/p>\n","protected":false},"author":2,"featured_media":18327,"comment_status":"open","ping_status":"open","sticky":false,"template":"","format":"standard","meta":{"_monsterinsights_skip_tracking":false,"_monsterinsights_sitenote_active":false,"_monsterinsights_sitenote_note":"","_monsterinsights_sitenote_category":0,"footnotes":""},"categories":[3],"tags":[],"class_list":["post-18326","post","type-post","status-publish","format-standard","has-post-thumbnail","hentry","category-nal","entry"],"aioseo_notices":[],"_links":{"self":[{"href":"https:\/\/a3noticias.com.mx\/sandbox\/wp-json\/wp\/v2\/posts\/18326","targetHints":{"allow":["GET"]}}],"collection":[{"href":"https:\/\/a3noticias.com.mx\/sandbox\/wp-json\/wp\/v2\/posts"}],"about":[{"href":"https:\/\/a3noticias.com.mx\/sandbox\/wp-json\/wp\/v2\/types\/post"}],"author":[{"embeddable":true,"href":"https:\/\/a3noticias.com.mx\/sandbox\/wp-json\/wp\/v2\/users\/2"}],"replies":[{"embeddable":true,"href":"https:\/\/a3noticias.com.mx\/sandbox\/wp-json\/wp\/v2\/comments?post=18326"}],"version-history":[{"count":1,"href":"https:\/\/a3noticias.com.mx\/sandbox\/wp-json\/wp\/v2\/posts\/18326\/revisions"}],"predecessor-version":[{"id":18328,"href":"https:\/\/a3noticias.com.mx\/sandbox\/wp-json\/wp\/v2\/posts\/18326\/revisions\/18328"}],"wp:featuredmedia":[{"embeddable":true,"href":"https:\/\/a3noticias.com.mx\/sandbox\/wp-json\/wp\/v2\/media\/18327"}],"wp:attachment":[{"href":"https:\/\/a3noticias.com.mx\/sandbox\/wp-json\/wp\/v2\/media?parent=18326"}],"wp:term":[{"taxonomy":"category","embeddable":true,"href":"https:\/\/a3noticias.com.mx\/sandbox\/wp-json\/wp\/v2\/categories?post=18326"},{"taxonomy":"post_tag","embeddable":true,"href":"https:\/\/a3noticias.com.mx\/sandbox\/wp-json\/wp\/v2\/tags?post=18326"}],"curies":[{"name":"wp","href":"https:\/\/api.w.org\/{rel}","templated":true}]}}