{"id":18333,"date":"2022-01-19T10:25:11","date_gmt":"2022-01-19T16:25:11","guid":{"rendered":"https:\/\/a3noticias.com.mx\/sandbox\/?p=18333"},"modified":"2022-01-19T10:31:56","modified_gmt":"2022-01-19T16:31:56","slug":"inflacion-se-estabiliza-hasta-segundo-trimestre-de-2022-canaco-queretaro","status":"publish","type":"post","link":"https:\/\/a3noticias.com.mx\/sandbox\/2022\/01\/19\/inflacion-se-estabiliza-hasta-segundo-trimestre-de-2022-canaco-queretaro\/","title":{"rendered":"Inflaci\u00f3n se estabiliza hasta segundo trimestre de 2022: CANACO Quer\u00e9taro"},"content":{"rendered":"\n<p>Fabi\u00e1n Camacho Arredondo, presidente de la C\u00e1mara Nacional de Comercio (Canaco) en Quer\u00e9taro, se\u00f1al\u00f3 que, dado que el organismo report\u00f3 un incremento de la inflaci\u00f3n que va del 7 al 15 por ciento en algunos productos de consumo,&nbsp; los precios podr\u00edan estabilizarse y la inflaci\u00f3n tendr\u00e1 una tendencia a la baja hasta el segundo trimestre del a\u00f1o.&nbsp;<\/p>\n\n\n\n<blockquote class=\"wp-block-quote is-layout-flow wp-block-quote-is-layout-flow\"><p>\u201cAl menos nosotros estamos reconociendo que al menos el primer trimestre del a\u00f1o ser\u00e1 un trimestre donde el \u00e9nfasis inflacionario ser\u00e1 la constante, de cara al segundo trimestre pueda existir donde pueda estabilizarse esta din\u00e1mica\u201d.&nbsp;<\/p><\/blockquote>\n\n\n\n<p>Camacho Arredondo afirm\u00f3 que este inicio de a\u00f1o ha sido complicado para el sector comercial debido a que las ventas han disminuido hasta en un 10 por ciento, sin embargo apunt\u00f3 que el organismo est\u00e1 buscando ser cercano con sus afiliados para as\u00ed brindar herramientas.&nbsp;<\/p>\n","protected":false},"excerpt":{"rendered":"<p>Fabi\u00e1n Camacho Arredondo, presidente de la C\u00e1mara Nacional de Comercio (Canaco) en Quer\u00e9taro, se\u00f1al\u00f3 que, dado que el organismo report\u00f3 un incremento de la inflaci\u00f3n que va del 7 al &hellip; <a href=\"https:\/\/a3noticias.com.mx\/sandbox\/2022\/01\/19\/inflacion-se-estabiliza-hasta-segundo-trimestre-de-2022-canaco-queretaro\/\" class=\"more-link\">Leer m\u00e1s<\/a><\/p>\n","protected":false},"author":2,"featured_media":18336,"comment_status":"open","ping_status":"open","sticky":false,"template":"","format":"standard","meta":{"_monsterinsights_skip_tracking":false,"_monsterinsights_sitenote_active":false,"_monsterinsights_sitenote_note":"","_monsterinsights_sitenote_category":0,"footnotes":""},"categories":[2],"tags":[],"class_list":["post-18333","post","type-post","status-publish","format-standard","has-post-thumbnail","hentry","category-qro","entry"],"aioseo_notices":[],"_links":{"self":[{"href":"https:\/\/a3noticias.com.mx\/sandbox\/wp-json\/wp\/v2\/posts\/18333","targetHints":{"allow":["GET"]}}],"collection":[{"href":"https:\/\/a3noticias.com.mx\/sandbox\/wp-json\/wp\/v2\/posts"}],"about":[{"href":"https:\/\/a3noticias.com.mx\/sandbox\/wp-json\/wp\/v2\/types\/post"}],"author":[{"embeddable":true,"href":"https:\/\/a3noticias.com.mx\/sandbox\/wp-json\/wp\/v2\/users\/2"}],"replies":[{"embeddable":true,"href":"https:\/\/a3noticias.com.mx\/sandbox\/wp-json\/wp\/v2\/comments?post=18333"}],"version-history":[{"count":2,"href":"https:\/\/a3noticias.com.mx\/sandbox\/wp-json\/wp\/v2\/posts\/18333\/revisions"}],"predecessor-version":[{"id":18337,"href":"https:\/\/a3noticias.com.mx\/sandbox\/wp-json\/wp\/v2\/posts\/18333\/revisions\/18337"}],"wp:featuredmedia":[{"embeddable":true,"href":"https:\/\/a3noticias.com.mx\/sandbox\/wp-json\/wp\/v2\/media\/18336"}],"wp:attachment":[{"href":"https:\/\/a3noticias.com.mx\/sandbox\/wp-json\/wp\/v2\/media?parent=18333"}],"wp:term":[{"taxonomy":"category","embeddable":true,"href":"https:\/\/a3noticias.com.mx\/sandbox\/wp-json\/wp\/v2\/categories?post=18333"},{"taxonomy":"post_tag","embeddable":true,"href":"https:\/\/a3noticias.com.mx\/sandbox\/wp-json\/wp\/v2\/tags?post=18333"}],"curies":[{"name":"wp","href":"https:\/\/api.w.org\/{rel}","templated":true}]}}