{"id":18351,"date":"2022-01-20T10:09:32","date_gmt":"2022-01-20T16:09:32","guid":{"rendered":"https:\/\/a3noticias.com.mx\/sandbox\/?p=18351"},"modified":"2022-01-20T10:09:35","modified_gmt":"2022-01-20T16:09:35","slug":"consulados-y-embajadas-de-mexico-expediran-actas-de-nacimiento-a-personas-trans-que-habiten-fuera-del-pais","status":"publish","type":"post","link":"https:\/\/a3noticias.com.mx\/sandbox\/2022\/01\/20\/consulados-y-embajadas-de-mexico-expediran-actas-de-nacimiento-a-personas-trans-que-habiten-fuera-del-pais\/","title":{"rendered":"Consulados y Embajadas de M\u00e9xico expedir\u00e1n actas de nacimiento a personas trans que habiten fuera del pa\u00eds"},"content":{"rendered":"\n<p>Este mi\u00e9rcoles en un acto hist\u00f3rico, la Secretar\u00eda de Relaciones Exteriores (SRE), entreg\u00f3 por primera vez actas de nacimiento por reconocimiento de identidad de g\u00e9nero, a personas transg\u00e9nero migrantes. A partir de ahora no ser\u00e1 necesario que quienes habiten fuera del pa\u00eds viajen a M\u00e9xico para realizar el tr\u00e1mite.<\/p>\n\n\n\n<p>Durante el evento presidido desde la Ciudad de M\u00e9xico, el director general de Servicios Consulares, Jaime V\u00e1zquez Bracho Torres, detall\u00f3 que ser\u00e1n 67 consulados y 80 embajadas de M\u00e9xico las que podr\u00e1n emitir las&nbsp;actas de nacimiento&nbsp;por reconocimiento de identidad de g\u00e9nero de manera confidencial expedita y sin necesidad de acreditar ninguna prueba ni promover un litigio, por lo que a partir de ahora las personas trans migrantes podr\u00e1n obtener este documento sin necesidad de viajar a M\u00e9xico.<\/p>\n\n\n\n<p>Por su parte, el canciller Marcelo Ebrard Cassaubon, detall\u00f3 que esto m\u00e1s que expedir \u201cun papel\u201d significa reconocer la dignidad y libertad de las personas pertenecientes a la comunidad LGBT, pues se\u00f1al\u00f3 que los migrantes han sido marginadas a lo largo de los a\u00f1os, algo que se acrecenta cuando los extranjeros son miembros de la comunidad LGBT, por lo que con esto se busca erradicar la marginaci\u00f3n hacia este grupo en particular.<\/p>\n\n\n\n<blockquote class=\"wp-block-quote is-layout-flow wp-block-quote-is-layout-flow\"><p>\u201cEstamos hablando de personas a quienes hoy el Estado mexicano en los Estados Unidos les est\u00e1 liberando de una semiclandestinidad, de una marginaci\u00f3n permanente y de todo tipo de violencias\u201d,\u00a0apunto Ebrard Casaubon.<\/p><\/blockquote>\n\n\n\n<p><\/p>\n\n\n\n<p>El evento tuvo enlace en vivo con las oficinas consulares de M\u00e9xico en Orlando, en un acto protocolario donde la embajadora Ana Luisa Fajer y el c\u00f3nsul Juan Sabines\u00a0fueron quienes hicieron la entrega formal de las primeras\u00a0actas de nacimiento a personas trans\u00a0fuera del pa\u00eds.<\/p>\n\n\n\n<figure class=\"wp-block-embed-twitter wp-block-embed is-type-rich is-provider-twitter\"><div class=\"wp-block-embed__wrapper\">\n<blockquote class=\"twitter-tweet\" data-width=\"550\" data-dnt=\"true\"><p lang=\"es\" dir=\"ltr\">\u25b6\ufe0f Hoy, <a href=\"https:\/\/twitter.com\/ConsulMexHou?ref_src=twsrc%5Etfw\">@ConsulMexHou<\/a> emiti\u00f3 la primera acta de nacimiento por reconocimiento de identidad de g\u00e9nero a una connacional:<br><br>\u00abMe siento muy feliz, completa y orgullosa. Es un paso adelante para todas las personas [&#8230;] Agradezco al Consulado y a quienes fueron parte del proceso\u00bb. <a href=\"https:\/\/t.co\/cU7zTxtK4f\">pic.twitter.com\/cU7zTxtK4f<\/a><\/p>&mdash; Relaciones Exteriores (@SRE_mx) <a href=\"https:\/\/twitter.com\/SRE_mx\/status\/1483922223069028365?ref_src=twsrc%5Etfw\">January 19, 2022<\/a><\/blockquote><script async src=\"https:\/\/platform.twitter.com\/widgets.js\" charset=\"utf-8\"><\/script>\n<\/div><\/figure>\n","protected":false},"excerpt":{"rendered":"<p>Este mi\u00e9rcoles en un acto hist\u00f3rico, la Secretar\u00eda de Relaciones Exteriores (SRE), entreg\u00f3 por primera vez actas de nacimiento por reconocimiento de identidad de g\u00e9nero, a personas transg\u00e9nero migrantes. A &hellip; <a href=\"https:\/\/a3noticias.com.mx\/sandbox\/2022\/01\/20\/consulados-y-embajadas-de-mexico-expediran-actas-de-nacimiento-a-personas-trans-que-habiten-fuera-del-pais\/\" class=\"more-link\">Leer m\u00e1s<\/a><\/p>\n","protected":false},"author":4,"featured_media":18352,"comment_status":"open","ping_status":"open","sticky":false,"template":"","format":"standard","meta":{"_monsterinsights_skip_tracking":false,"_monsterinsights_sitenote_active":false,"_monsterinsights_sitenote_note":"","_monsterinsights_sitenote_category":0,"footnotes":""},"categories":[3],"tags":[],"class_list":["post-18351","post","type-post","status-publish","format-standard","has-post-thumbnail","hentry","category-nal","entry"],"aioseo_notices":[],"_links":{"self":[{"href":"https:\/\/a3noticias.com.mx\/sandbox\/wp-json\/wp\/v2\/posts\/18351","targetHints":{"allow":["GET"]}}],"collection":[{"href":"https:\/\/a3noticias.com.mx\/sandbox\/wp-json\/wp\/v2\/posts"}],"about":[{"href":"https:\/\/a3noticias.com.mx\/sandbox\/wp-json\/wp\/v2\/types\/post"}],"author":[{"embeddable":true,"href":"https:\/\/a3noticias.com.mx\/sandbox\/wp-json\/wp\/v2\/users\/4"}],"replies":[{"embeddable":true,"href":"https:\/\/a3noticias.com.mx\/sandbox\/wp-json\/wp\/v2\/comments?post=18351"}],"version-history":[{"count":1,"href":"https:\/\/a3noticias.com.mx\/sandbox\/wp-json\/wp\/v2\/posts\/18351\/revisions"}],"predecessor-version":[{"id":18353,"href":"https:\/\/a3noticias.com.mx\/sandbox\/wp-json\/wp\/v2\/posts\/18351\/revisions\/18353"}],"wp:featuredmedia":[{"embeddable":true,"href":"https:\/\/a3noticias.com.mx\/sandbox\/wp-json\/wp\/v2\/media\/18352"}],"wp:attachment":[{"href":"https:\/\/a3noticias.com.mx\/sandbox\/wp-json\/wp\/v2\/media?parent=18351"}],"wp:term":[{"taxonomy":"category","embeddable":true,"href":"https:\/\/a3noticias.com.mx\/sandbox\/wp-json\/wp\/v2\/categories?post=18351"},{"taxonomy":"post_tag","embeddable":true,"href":"https:\/\/a3noticias.com.mx\/sandbox\/wp-json\/wp\/v2\/tags?post=18351"}],"curies":[{"name":"wp","href":"https:\/\/api.w.org\/{rel}","templated":true}]}}