{"id":18357,"date":"2022-01-20T12:52:39","date_gmt":"2022-01-20T18:52:39","guid":{"rendered":"https:\/\/a3noticias.com.mx\/sandbox\/?p=18357"},"modified":"2022-01-20T12:52:41","modified_gmt":"2022-01-20T18:52:41","slug":"imss-queretaro-presenta-permiso-covid-3-0-funciona-como-una-incapacidad","status":"publish","type":"post","link":"https:\/\/a3noticias.com.mx\/sandbox\/2022\/01\/20\/imss-queretaro-presenta-permiso-covid-3-0-funciona-como-una-incapacidad\/","title":{"rendered":"IMSS Quer\u00e9taro presenta permiso Covid 3.0; funciona como una incapacidad"},"content":{"rendered":"\n<p>Este mi\u00e9rcoles el Instituto Mexicano del Seguro Social (IMSS), en Quer\u00e9taro, sostuvo una reuni\u00f3n virtual con empresarios del estado, con el fin de informar sobre las estrategias que lleva a cabo el Instituto para cortar cadenas de contagio ante el alza de casos activos de Covid-19.<\/p>\n\n\n\n<p>Durante la reuni\u00f3n virtual presidida por Martha Eloisa S\u00e1nchez V\u00e1zquez, titular de la dependencia estatal, se dio a conocer a m\u00e1s de 570 representantes de empresas queretanas el Permiso COVID 3.0, el cual se dise\u00f1\u00f3 para evitar saturaciones innecesarias en centros de salud para realizarse pruebas r\u00e1pidas Covid.<\/p>\n\n\n\n<p>Para obtenerlo, el trabajador deber\u00e1 ingresar a la aplicaci\u00f3n m\u00f3vil del IMSS o bien solicitarlo a trav\u00e9s del portal web <a href=\"http:\/\/www.imss.gob.mx\/covid-19\/permiso\">http:\/\/www.imss.gob.mx\/covid-19\/permiso<\/a>, donde se le pedir\u00e1 llenar un cuestionario indicando sus s\u00edntomas, por medio del cual se determinar\u00e1 si es necesario expedirle el documento.<\/p>\n\n\n\n<p>Cabe destacar que dicho permiso, tiene la misma validez que una incapacidad y se expide al trabajador hasta por siete d\u00edas, una vez transcurrido ese tiempo si las molestias del trabajador persisten, deber\u00e1 acudir a su unidad m\u00e9dica familiar para ser valorado por un m\u00e9dico.<\/p>\n\n\n\n<p>Asimismo, se inform\u00f3 a los due\u00f1os de empresas que tengan dudas al respecto que la Coordinaci\u00f3n de Salud en el Trabajo podr\u00e1 orientados a fin de agilizar los tr\u00e1mites de sus colaboradores.<\/p>\n\n\n\n<figure class=\"wp-block-image size-large is-resized\"><img loading=\"lazy\" decoding=\"async\" src=\"https:\/\/a3noticias.com.mx\/sandbox\/wp-content\/uploads\/2022\/01\/permiso-covid-106x90.jpeg\" alt=\"\" class=\"wp-image-18359\" width=\"580\" height=\"492\" srcset=\"https:\/\/a3noticias.com.mx\/sandbox\/wp-content\/uploads\/2022\/01\/permiso-covid-106x90.jpeg 106w, https:\/\/a3noticias.com.mx\/sandbox\/wp-content\/uploads\/2022\/01\/permiso-covid-300x254.jpeg 300w, https:\/\/a3noticias.com.mx\/sandbox\/wp-content\/uploads\/2022\/01\/permiso-covid-768x650.jpeg 768w, https:\/\/a3noticias.com.mx\/sandbox\/wp-content\/uploads\/2022\/01\/permiso-covid.jpeg 1280w\" sizes=\"auto, (max-width: 580px) 100vw, 580px\" \/><figcaption>Foto: IMSS Quer\u00e9taro<\/figcaption><\/figure>\n","protected":false},"excerpt":{"rendered":"<p>Este mi\u00e9rcoles el Instituto Mexicano del Seguro Social (IMSS), en Quer\u00e9taro, sostuvo una reuni\u00f3n virtual con empresarios del estado, con el fin de informar sobre las estrategias que lleva a &hellip; <a href=\"https:\/\/a3noticias.com.mx\/sandbox\/2022\/01\/20\/imss-queretaro-presenta-permiso-covid-3-0-funciona-como-una-incapacidad\/\" class=\"more-link\">Leer m\u00e1s<\/a><\/p>\n","protected":false},"author":4,"featured_media":18362,"comment_status":"open","ping_status":"open","sticky":false,"template":"","format":"standard","meta":{"_monsterinsights_skip_tracking":false,"_monsterinsights_sitenote_active":false,"_monsterinsights_sitenote_note":"","_monsterinsights_sitenote_category":0,"footnotes":""},"categories":[2],"tags":[],"class_list":["post-18357","post","type-post","status-publish","format-standard","has-post-thumbnail","hentry","category-qro","entry"],"aioseo_notices":[],"_links":{"self":[{"href":"https:\/\/a3noticias.com.mx\/sandbox\/wp-json\/wp\/v2\/posts\/18357","targetHints":{"allow":["GET"]}}],"collection":[{"href":"https:\/\/a3noticias.com.mx\/sandbox\/wp-json\/wp\/v2\/posts"}],"about":[{"href":"https:\/\/a3noticias.com.mx\/sandbox\/wp-json\/wp\/v2\/types\/post"}],"author":[{"embeddable":true,"href":"https:\/\/a3noticias.com.mx\/sandbox\/wp-json\/wp\/v2\/users\/4"}],"replies":[{"embeddable":true,"href":"https:\/\/a3noticias.com.mx\/sandbox\/wp-json\/wp\/v2\/comments?post=18357"}],"version-history":[{"count":1,"href":"https:\/\/a3noticias.com.mx\/sandbox\/wp-json\/wp\/v2\/posts\/18357\/revisions"}],"predecessor-version":[{"id":18363,"href":"https:\/\/a3noticias.com.mx\/sandbox\/wp-json\/wp\/v2\/posts\/18357\/revisions\/18363"}],"wp:featuredmedia":[{"embeddable":true,"href":"https:\/\/a3noticias.com.mx\/sandbox\/wp-json\/wp\/v2\/media\/18362"}],"wp:attachment":[{"href":"https:\/\/a3noticias.com.mx\/sandbox\/wp-json\/wp\/v2\/media?parent=18357"}],"wp:term":[{"taxonomy":"category","embeddable":true,"href":"https:\/\/a3noticias.com.mx\/sandbox\/wp-json\/wp\/v2\/categories?post=18357"},{"taxonomy":"post_tag","embeddable":true,"href":"https:\/\/a3noticias.com.mx\/sandbox\/wp-json\/wp\/v2\/tags?post=18357"}],"curies":[{"name":"wp","href":"https:\/\/api.w.org\/{rel}","templated":true}]}}