{"id":18358,"date":"2022-01-20T12:51:54","date_gmt":"2022-01-20T18:51:54","guid":{"rendered":"https:\/\/a3noticias.com.mx\/sandbox\/?p=18358"},"modified":"2022-01-20T12:51:56","modified_gmt":"2022-01-20T18:51:56","slug":"juez-ordeno-a-fgr-investigar-a-lopez-gatell-por-delito-de-homicidio-por-omision-en-manejo-de-la-pandemia","status":"publish","type":"post","link":"https:\/\/a3noticias.com.mx\/sandbox\/2022\/01\/20\/juez-ordeno-a-fgr-investigar-a-lopez-gatell-por-delito-de-homicidio-por-omision-en-manejo-de-la-pandemia\/","title":{"rendered":"Juez orden\u00f3 a FGR investigar a L\u00f3pez-Gatell por delito de homicidio por omisi\u00f3n en manejo de la pandemia."},"content":{"rendered":"\n<p>Hugo L\u00f3pez-Gatell, subsecretario de Prevenci\u00f3n y Promoci\u00f3n de la Salud en M\u00e9xico, ser\u00e1 investigado por su presunta responsabilidad de omisi\u00f3n, en el delito de homicidio durante la pandemia de Covid-19 en territorio nacional.&nbsp;<\/p>\n\n\n\n<p>Esta decisi\u00f3n se determin\u00f3 luego de que un&nbsp; Juez de Control Federal Especializado pidi\u00f3 a la Fiscal\u00eda General de la Rep\u00fablica se efect\u00fae la averiguaci\u00f3n; esto luego de que se presentaran varias denuncias de familiares que murieron por Coronavirus.<\/p>\n\n\n\n<blockquote class=\"wp-block-quote is-layout-flow wp-block-quote-is-layout-flow\"><p>\u201cSu falta de deber de cuidado, negligencia y el debido ejercicio de su funci\u00f3n p\u00fablica. Por la muerte de miles de mexicanos\u00bb.<\/p><\/blockquote>\n\n\n\n<p>El abogado Javier Coello Trejo, representante de los demandantes, se\u00f1al\u00f3 que sus clientes formularon la denuncia basada en el reglamento interno de la Secretar\u00eda de Salud, en la cual se se\u00f1ala que L\u00f3pez-Gatell \u201cdeb\u00eda de cuidar la salud de los mexicanos\u201d a trav\u00e9s de prevenir los estragos de la pandemia.<\/p>\n\n\n\n<p>Es decir que, hasta estos momentos, la denuncia se ha fundamentado en la obligaci\u00f3n de L\u00f3pez-Gatell de prevenir el impacto de la pandemia, de la cual se ten\u00eda conocimiento desde enero de 2020; as\u00ed como tambi\u00e9n en \u00abpruebas de algunas declaraciones que \u00e9l ha hecho tanto en \u2018La Ma\u00f1anera\u2019, como en la prensa.&nbsp;<\/p>\n\n\n\n<blockquote class=\"wp-block-quote is-layout-flow wp-block-quote-is-layout-flow\"><p>\u00abNo previno, como era su obligaci\u00f3n, el atacar la pandemia, no obstante que se ten\u00eda conocimiento por la Organizaci\u00f3n Mundial de la Salud como por otros pa\u00edses\u00bb.<\/p><\/blockquote>\n\n\n\n<p>En el \u00faltimo conteo, M\u00e9xico registr\u00f3 este mi\u00e9rcoles 60 mil 552 nuevos contagios de Covid-19 para un total de 4 millones 495 mil 310 casos, adem\u00e1s de 323 muertes para llegar a 302 mil 112 decesos totales, inform\u00f3 la Secretar\u00eda de Salud.<\/p>\n","protected":false},"excerpt":{"rendered":"<p>Hugo L\u00f3pez-Gatell, subsecretario de Prevenci\u00f3n y Promoci\u00f3n de la Salud en M\u00e9xico, ser\u00e1 investigado por su presunta responsabilidad de omisi\u00f3n, en el delito de homicidio durante la pandemia de Covid-19 &hellip; <a href=\"https:\/\/a3noticias.com.mx\/sandbox\/2022\/01\/20\/juez-ordeno-a-fgr-investigar-a-lopez-gatell-por-delito-de-homicidio-por-omision-en-manejo-de-la-pandemia\/\" class=\"more-link\">Leer m\u00e1s<\/a><\/p>\n","protected":false},"author":2,"featured_media":18360,"comment_status":"open","ping_status":"open","sticky":false,"template":"","format":"standard","meta":{"_monsterinsights_skip_tracking":false,"_monsterinsights_sitenote_active":false,"_monsterinsights_sitenote_note":"","_monsterinsights_sitenote_category":0,"footnotes":""},"categories":[3],"tags":[],"class_list":["post-18358","post","type-post","status-publish","format-standard","has-post-thumbnail","hentry","category-nal","entry"],"aioseo_notices":[],"_links":{"self":[{"href":"https:\/\/a3noticias.com.mx\/sandbox\/wp-json\/wp\/v2\/posts\/18358","targetHints":{"allow":["GET"]}}],"collection":[{"href":"https:\/\/a3noticias.com.mx\/sandbox\/wp-json\/wp\/v2\/posts"}],"about":[{"href":"https:\/\/a3noticias.com.mx\/sandbox\/wp-json\/wp\/v2\/types\/post"}],"author":[{"embeddable":true,"href":"https:\/\/a3noticias.com.mx\/sandbox\/wp-json\/wp\/v2\/users\/2"}],"replies":[{"embeddable":true,"href":"https:\/\/a3noticias.com.mx\/sandbox\/wp-json\/wp\/v2\/comments?post=18358"}],"version-history":[{"count":1,"href":"https:\/\/a3noticias.com.mx\/sandbox\/wp-json\/wp\/v2\/posts\/18358\/revisions"}],"predecessor-version":[{"id":18361,"href":"https:\/\/a3noticias.com.mx\/sandbox\/wp-json\/wp\/v2\/posts\/18358\/revisions\/18361"}],"wp:featuredmedia":[{"embeddable":true,"href":"https:\/\/a3noticias.com.mx\/sandbox\/wp-json\/wp\/v2\/media\/18360"}],"wp:attachment":[{"href":"https:\/\/a3noticias.com.mx\/sandbox\/wp-json\/wp\/v2\/media?parent=18358"}],"wp:term":[{"taxonomy":"category","embeddable":true,"href":"https:\/\/a3noticias.com.mx\/sandbox\/wp-json\/wp\/v2\/categories?post=18358"},{"taxonomy":"post_tag","embeddable":true,"href":"https:\/\/a3noticias.com.mx\/sandbox\/wp-json\/wp\/v2\/tags?post=18358"}],"curies":[{"name":"wp","href":"https:\/\/api.w.org\/{rel}","templated":true}]}}