{"id":18364,"date":"2022-01-20T13:43:02","date_gmt":"2022-01-20T19:43:02","guid":{"rendered":"https:\/\/a3noticias.com.mx\/sandbox\/?p=18364"},"modified":"2022-01-20T13:43:05","modified_gmt":"2022-01-20T19:43:05","slug":"alumno-con-mitad-de-asignaturas-reprobadas-recurrio-a-amparo-uaq-debe-reinstalarlo","status":"publish","type":"post","link":"https:\/\/a3noticias.com.mx\/sandbox\/2022\/01\/20\/alumno-con-mitad-de-asignaturas-reprobadas-recurrio-a-amparo-uaq-debe-reinstalarlo\/","title":{"rendered":"Alumno con mitad de asignaturas reprobadas recurri\u00f3 a amparo, UAQ debe reinstalarlo."},"content":{"rendered":"\n<p>Un alumno de la Facultad de Derecho de la Universidad Aut\u00f3noma de Quer\u00e9taro, luego de ser dado de baja por reprobar la mitad de las materias que llevaba en un semestre, recurri\u00f3 a la autoridad judicial para presentar un amparo a su favor, as\u00ed lo inform\u00f3 Gonzalo Mart\u00ednez Garc\u00eda, encargado de despacho de la Oficina del Abogado General de la instituci\u00f3n educativa.&nbsp;<\/p>\n\n\n\n<p>La universidad indic\u00f3 que la decisi\u00f3n de dar de baja al entonces alumno fue debido a que los&nbsp; lineamientos de la Facultad establecen que \u201cse dar\u00e1 de baja a quien carezca de notas aprobatorias para m\u00e1s de la mitad de sus asignaturas\u201d, sin embargo para convencimiento del juez, no fueron datos necesarios, por lo que determinaron otorgar el amparo al alumno.&nbsp;&nbsp;<\/p>\n\n\n\n<p>Entre los elementos que debieron incluirse, dijo, la fecha de cu\u00e1ndo se dio de alta y cuando se dio de baja al alumno, as\u00ed como las cantidades y los nombres de las materias que reprob\u00f3. Tras el fallo, el estudiante podr\u00e1 continuar con su educaci\u00f3n, pero deber\u00e1 aprobar todas las materias en las cuales obtuvo cr\u00e9ditos insuficientes.<\/p>\n\n\n\n<p>Gonzalo Mart\u00ednez Garc\u00eda, rechaz\u00f3 que el amparo se diera tras un error, fue m\u00e1s bien que una persona no abogada entreg\u00f3 una respuesta, mientras que el juez demandaba elementos muy espec\u00edficos.<\/p>\n","protected":false},"excerpt":{"rendered":"<p>Un alumno de la Facultad de Derecho de la Universidad Aut\u00f3noma de Quer\u00e9taro, luego de ser dado de baja por reprobar la mitad de las materias que llevaba en un &hellip; <a href=\"https:\/\/a3noticias.com.mx\/sandbox\/2022\/01\/20\/alumno-con-mitad-de-asignaturas-reprobadas-recurrio-a-amparo-uaq-debe-reinstalarlo\/\" class=\"more-link\">Leer m\u00e1s<\/a><\/p>\n","protected":false},"author":2,"featured_media":17747,"comment_status":"open","ping_status":"open","sticky":false,"template":"","format":"standard","meta":{"_monsterinsights_skip_tracking":false,"_monsterinsights_sitenote_active":false,"_monsterinsights_sitenote_note":"","_monsterinsights_sitenote_category":0,"footnotes":""},"categories":[2],"tags":[],"class_list":["post-18364","post","type-post","status-publish","format-standard","has-post-thumbnail","hentry","category-qro","entry"],"aioseo_notices":[],"_links":{"self":[{"href":"https:\/\/a3noticias.com.mx\/sandbox\/wp-json\/wp\/v2\/posts\/18364","targetHints":{"allow":["GET"]}}],"collection":[{"href":"https:\/\/a3noticias.com.mx\/sandbox\/wp-json\/wp\/v2\/posts"}],"about":[{"href":"https:\/\/a3noticias.com.mx\/sandbox\/wp-json\/wp\/v2\/types\/post"}],"author":[{"embeddable":true,"href":"https:\/\/a3noticias.com.mx\/sandbox\/wp-json\/wp\/v2\/users\/2"}],"replies":[{"embeddable":true,"href":"https:\/\/a3noticias.com.mx\/sandbox\/wp-json\/wp\/v2\/comments?post=18364"}],"version-history":[{"count":1,"href":"https:\/\/a3noticias.com.mx\/sandbox\/wp-json\/wp\/v2\/posts\/18364\/revisions"}],"predecessor-version":[{"id":18365,"href":"https:\/\/a3noticias.com.mx\/sandbox\/wp-json\/wp\/v2\/posts\/18364\/revisions\/18365"}],"wp:featuredmedia":[{"embeddable":true,"href":"https:\/\/a3noticias.com.mx\/sandbox\/wp-json\/wp\/v2\/media\/17747"}],"wp:attachment":[{"href":"https:\/\/a3noticias.com.mx\/sandbox\/wp-json\/wp\/v2\/media?parent=18364"}],"wp:term":[{"taxonomy":"category","embeddable":true,"href":"https:\/\/a3noticias.com.mx\/sandbox\/wp-json\/wp\/v2\/categories?post=18364"},{"taxonomy":"post_tag","embeddable":true,"href":"https:\/\/a3noticias.com.mx\/sandbox\/wp-json\/wp\/v2\/tags?post=18364"}],"curies":[{"name":"wp","href":"https:\/\/api.w.org\/{rel}","templated":true}]}}