{"id":18376,"date":"2022-01-21T11:03:24","date_gmt":"2022-01-21T17:03:24","guid":{"rendered":"https:\/\/a3noticias.com.mx\/sandbox\/?p=18376"},"modified":"2022-01-21T11:03:26","modified_gmt":"2022-01-21T17:03:26","slug":"7-personas-fueron-detenidas-por-agresion-a-policias-en-sjr","status":"publish","type":"post","link":"https:\/\/a3noticias.com.mx\/sandbox\/2022\/01\/21\/7-personas-fueron-detenidas-por-agresion-a-policias-en-sjr\/","title":{"rendered":"7 personas fueron detenidas por agresi\u00f3n a polic\u00edas en SJR."},"content":{"rendered":"\n<p>Fueron detenidas siete personas durante la madrugada de este viernes, relacionadas con la&nbsp; agresi\u00f3n a Polic\u00edas Estatales ocurrida el 16 de enero, en la comunidad de Vistha, San Juan del R\u00edo.<\/p>\n\n\n\n<p>Se realizaron 7 cateos para la b\u00fasqueda de indicios que ayudaran con el esclarecimiento de los hechos. Derivado de las investigaciones se identific\u00f3 a 7 personas que fueron los principales agresores. Por ello, se solicit\u00f3 a un Juez de Control que emitiera las \u00f3rdenes de aprehensi\u00f3n por los delitos de homicidio en grado de tentativa, lesiones calificadas y robo agravado.&nbsp;<\/p>\n\n\n\n<p>&nbsp;Durante las pr\u00f3ximas horas de este viernes se realizar\u00e1 la audiencia inicial, para solicitar la vinculaci\u00f3n a proceso de los imputados.&nbsp;<\/p>\n\n\n\n<p>El domingo pasado, dos personas a bordo de un veh\u00edculo evadieron las indicaciones de elementos de la Polic\u00eda Estatal, quienes realizaban un operativo de alcoholimetr\u00eda. Al darles seguimiento, los tripulantes llegaron hasta la comunidad de Vistha y all\u00ed pidieron el apoyo de m\u00e1s personas de dicha comunidad y comenzaron la agresi\u00f3n hacia los agentes.&nbsp;<\/p>\n","protected":false},"excerpt":{"rendered":"<p>Fueron detenidas siete personas durante la madrugada de este viernes, relacionadas con la&nbsp; agresi\u00f3n a Polic\u00edas Estatales ocurrida el 16 de enero, en la comunidad de Vistha, San Juan del &hellip; <a href=\"https:\/\/a3noticias.com.mx\/sandbox\/2022\/01\/21\/7-personas-fueron-detenidas-por-agresion-a-policias-en-sjr\/\" class=\"more-link\">Leer m\u00e1s<\/a><\/p>\n","protected":false},"author":2,"featured_media":18378,"comment_status":"open","ping_status":"open","sticky":false,"template":"","format":"standard","meta":{"_monsterinsights_skip_tracking":false,"_monsterinsights_sitenote_active":false,"_monsterinsights_sitenote_note":"","_monsterinsights_sitenote_category":0,"footnotes":""},"categories":[2],"tags":[],"class_list":["post-18376","post","type-post","status-publish","format-standard","has-post-thumbnail","hentry","category-qro","entry"],"aioseo_notices":[],"_links":{"self":[{"href":"https:\/\/a3noticias.com.mx\/sandbox\/wp-json\/wp\/v2\/posts\/18376","targetHints":{"allow":["GET"]}}],"collection":[{"href":"https:\/\/a3noticias.com.mx\/sandbox\/wp-json\/wp\/v2\/posts"}],"about":[{"href":"https:\/\/a3noticias.com.mx\/sandbox\/wp-json\/wp\/v2\/types\/post"}],"author":[{"embeddable":true,"href":"https:\/\/a3noticias.com.mx\/sandbox\/wp-json\/wp\/v2\/users\/2"}],"replies":[{"embeddable":true,"href":"https:\/\/a3noticias.com.mx\/sandbox\/wp-json\/wp\/v2\/comments?post=18376"}],"version-history":[{"count":1,"href":"https:\/\/a3noticias.com.mx\/sandbox\/wp-json\/wp\/v2\/posts\/18376\/revisions"}],"predecessor-version":[{"id":18379,"href":"https:\/\/a3noticias.com.mx\/sandbox\/wp-json\/wp\/v2\/posts\/18376\/revisions\/18379"}],"wp:featuredmedia":[{"embeddable":true,"href":"https:\/\/a3noticias.com.mx\/sandbox\/wp-json\/wp\/v2\/media\/18378"}],"wp:attachment":[{"href":"https:\/\/a3noticias.com.mx\/sandbox\/wp-json\/wp\/v2\/media?parent=18376"}],"wp:term":[{"taxonomy":"category","embeddable":true,"href":"https:\/\/a3noticias.com.mx\/sandbox\/wp-json\/wp\/v2\/categories?post=18376"},{"taxonomy":"post_tag","embeddable":true,"href":"https:\/\/a3noticias.com.mx\/sandbox\/wp-json\/wp\/v2\/tags?post=18376"}],"curies":[{"name":"wp","href":"https:\/\/api.w.org\/{rel}","templated":true}]}}