{"id":18388,"date":"2022-01-22T09:00:00","date_gmt":"2022-01-22T15:00:00","guid":{"rendered":"https:\/\/a3noticias.com.mx\/sandbox\/?p=18388"},"modified":"2022-01-21T15:49:42","modified_gmt":"2022-01-21T21:49:42","slug":"aburrid-acude-a-las-matines-que-se-estaran-presentando-en-la-cinetica-rosalio-solano","status":"publish","type":"post","link":"https:\/\/a3noticias.com.mx\/sandbox\/2022\/01\/22\/aburrid-acude-a-las-matines-que-se-estaran-presentando-en-la-cinetica-rosalio-solano\/","title":{"rendered":"\u00bfAburrid@? Acude a las matin\u00e9s que se estar\u00e1n presentando en la cin\u00e9tica Rosal\u00edo Solano"},"content":{"rendered":"\n<p>A partir del 30 de enero y a hasta el 27 de marzo de este 2022, la Cineteca Rosal\u00edo Solano ubicada en el Centro Hist\u00f3rico queretano estar\u00e1 proyectando matin\u00e9s familiares de animaci\u00f3n francesa de manera gratuita.<\/p>\n\n\n\n<p>Las funciones ser\u00e1n presentadas en su versi\u00f3n original en Franc\u00e9s, con subt\u00edtulos en espa\u00f1ol, todos los domingos en punto de las 12 horas y el acceso ser\u00e1 libre, sin embargo debido a la pandemia, el cupo ser\u00e1 reducido.<\/p>\n\n\n\n<p>Algunas de las funciones que se podr\u00e1n apreciar son: Yakari, La grande aventure; Amarillito; Las vidas de Marona; El malvado zorro feroz; El viaje del pr\u00edncipe; Peque\u00f1o vampiro; Dilili en Paris; Calamity y Louise en invierno.<\/p>\n\n\n\n<p>La cin\u00e9tica se encuentra ubicada en la calle 16 de septiembre, n\u00famero 44, en el Centro Hist\u00f3rico de Quer\u00e9taro.<\/p>\n\n\n\n<figure class=\"wp-block-image size-large is-resized\"><img loading=\"lazy\" decoding=\"async\" src=\"https:\/\/a3noticias.com.mx\/sandbox\/wp-content\/uploads\/2022\/01\/Imagen-1-160x90.png\" alt=\"\" class=\"wp-image-18392\" width=\"654\" height=\"368\" srcset=\"https:\/\/a3noticias.com.mx\/sandbox\/wp-content\/uploads\/2022\/01\/Imagen-1-160x90.png 160w, https:\/\/a3noticias.com.mx\/sandbox\/wp-content\/uploads\/2022\/01\/Imagen-1-300x169.png 300w, https:\/\/a3noticias.com.mx\/sandbox\/wp-content\/uploads\/2022\/01\/Imagen-1-768x432.png 768w, https:\/\/a3noticias.com.mx\/sandbox\/wp-content\/uploads\/2022\/01\/Imagen-1.png 920w\" sizes=\"auto, (max-width: 654px) 100vw, 654px\" \/><\/figure>\n","protected":false},"excerpt":{"rendered":"<p>A partir del 30 de enero y a hasta el 27 de marzo de este 2022, la Cineteca Rosal\u00edo Solano ubicada en el Centro Hist\u00f3rico queretano estar\u00e1 proyectando matin\u00e9s familiares &hellip; <a href=\"https:\/\/a3noticias.com.mx\/sandbox\/2022\/01\/22\/aburrid-acude-a-las-matines-que-se-estaran-presentando-en-la-cinetica-rosalio-solano\/\" class=\"more-link\">Leer m\u00e1s<\/a><\/p>\n","protected":false},"author":4,"featured_media":18391,"comment_status":"open","ping_status":"open","sticky":false,"template":"","format":"standard","meta":{"_monsterinsights_skip_tracking":false,"_monsterinsights_sitenote_active":false,"_monsterinsights_sitenote_note":"","_monsterinsights_sitenote_category":0,"footnotes":""},"categories":[9],"tags":[],"class_list":["post-18388","post","type-post","status-publish","format-standard","has-post-thumbnail","hentry","category-cultura","entry"],"aioseo_notices":[],"_links":{"self":[{"href":"https:\/\/a3noticias.com.mx\/sandbox\/wp-json\/wp\/v2\/posts\/18388","targetHints":{"allow":["GET"]}}],"collection":[{"href":"https:\/\/a3noticias.com.mx\/sandbox\/wp-json\/wp\/v2\/posts"}],"about":[{"href":"https:\/\/a3noticias.com.mx\/sandbox\/wp-json\/wp\/v2\/types\/post"}],"author":[{"embeddable":true,"href":"https:\/\/a3noticias.com.mx\/sandbox\/wp-json\/wp\/v2\/users\/4"}],"replies":[{"embeddable":true,"href":"https:\/\/a3noticias.com.mx\/sandbox\/wp-json\/wp\/v2\/comments?post=18388"}],"version-history":[{"count":1,"href":"https:\/\/a3noticias.com.mx\/sandbox\/wp-json\/wp\/v2\/posts\/18388\/revisions"}],"predecessor-version":[{"id":18393,"href":"https:\/\/a3noticias.com.mx\/sandbox\/wp-json\/wp\/v2\/posts\/18388\/revisions\/18393"}],"wp:featuredmedia":[{"embeddable":true,"href":"https:\/\/a3noticias.com.mx\/sandbox\/wp-json\/wp\/v2\/media\/18391"}],"wp:attachment":[{"href":"https:\/\/a3noticias.com.mx\/sandbox\/wp-json\/wp\/v2\/media?parent=18388"}],"wp:term":[{"taxonomy":"category","embeddable":true,"href":"https:\/\/a3noticias.com.mx\/sandbox\/wp-json\/wp\/v2\/categories?post=18388"},{"taxonomy":"post_tag","embeddable":true,"href":"https:\/\/a3noticias.com.mx\/sandbox\/wp-json\/wp\/v2\/tags?post=18388"}],"curies":[{"name":"wp","href":"https:\/\/api.w.org\/{rel}","templated":true}]}}