{"id":18400,"date":"2022-01-22T12:11:00","date_gmt":"2022-01-22T18:11:00","guid":{"rendered":"https:\/\/a3noticias.com.mx\/sandbox\/?p=18400"},"modified":"2022-01-22T00:17:16","modified_gmt":"2022-01-22T06:17:16","slug":"entrenador-queretano-participara-en-juegos-olimpicos-de-invierno","status":"publish","type":"post","link":"https:\/\/a3noticias.com.mx\/sandbox\/2022\/01\/22\/entrenador-queretano-participara-en-juegos-olimpicos-de-invierno\/","title":{"rendered":"Entrenador queretano participar\u00e1 en Juegos Ol\u00edmpicos de Invierno"},"content":{"rendered":"\n<p>Por segunda ocasi\u00f3n en su carrera deportiva, Germ\u00e1n Madrazo, exatleta queretano, consigui\u00f3 clasificar a los Juegos Ol\u00edmpicos de Invierno, pero en esta ocasi\u00f3n como entrenador de Jonathan Soto en la disciplina esqu\u00ed cross country, en la cual el queretano compiti\u00f3 en PyeongChang2018 con 42 a\u00f1os.&nbsp;<\/p>\n\n\n\n<blockquote class=\"wp-block-quote is-layout-flow wp-block-quote-is-layout-flow\"><p>\u201cMe enorgullece platicar que estos cuatro a\u00f1os de trabajo como entrenador de Jonathan han rendido fruto, vamos a regresar a los Juegos Ol\u00edmpicos, quiz\u00e1s no vaya a ser en persona, porque las condiciones actuales del mundo no me van a permitir viajar a China, pero eso no importa, lo que importa es que lo logramos\u201d se\u00f1al\u00f3 el entrenador a trav\u00e9s de un v\u00eddeo en sus redes sociales.&nbsp;<\/p><\/blockquote>\n\n\n\n<p>Germ\u00e1n Madrazo busc\u00f3 alentar a cualquier persona que viera su v\u00eddeo a perseguir sus sue\u00f1os, pues nunca es tarde para so\u00f1ar y no hay suficiente raz\u00f3n para abandonarlos y no atreverse a ir por ellos. <\/p>\n\n\n\n<blockquote class=\"wp-block-quote is-layout-flow wp-block-quote-is-layout-flow\"><p>\u201cNunca se es demasiado viejo o demasiado joven, que en el lugar en donde vives, y que los recursos que tienes no son suficientes ni para ayudarte a cumplir tus sue\u00f1os, ni para imped\u00edrtelo, as\u00ed es que si tienen un sue\u00f1o, atr\u00e9vanse a ir por \u00e9l\u201d, concluy\u00f3.<\/p><\/blockquote>\n\n\n\n<iframe loading=\"lazy\" src=\"https:\/\/www.facebook.com\/plugins\/video.php?height=476&#038;href=https%3A%2F%2Fwww.facebook.com%2Fmadraco%2Fvideos%2F443841534051294%2F&#038;show_text=false&#038;width=267&#038;t=0\" width=\"267\" height=\"476\" style=\"border:none;overflow:hidden\" scrolling=\"no\" frameborder=\"0\" allowfullscreen=\"true\" allow=\"autoplay; clipboard-write; encrypted-media; picture-in-picture; web-share\" allowFullScreen=\"true\"><\/iframe>\n\n\n\n<p>Jonathan Soto es uno de los cuatro mexicanos que asistir\u00e1n a la justa invernal que se llevar\u00e1 a cabo del 4 al 20 de febrero en China. El esquiador logr\u00f3 la plaza para M\u00e9xico en la Copa del Mundo de Alemania, y posteriormente le confirmaron que ser\u00eda \u00e9l quien representar\u00eda a nuestro pa\u00eds. Germ\u00e1n Madrazo lo ha acompa\u00f1ado en este proceso de cuatro a\u00f1os para llegar a Beijing 2022.<\/p>\n","protected":false},"excerpt":{"rendered":"<p>Por segunda ocasi\u00f3n en su carrera deportiva, Germ\u00e1n Madrazo, exatleta queretano, consigui\u00f3 clasificar a los Juegos Ol\u00edmpicos de Invierno, pero en esta ocasi\u00f3n como entrenador de Jonathan Soto en la &hellip; <a href=\"https:\/\/a3noticias.com.mx\/sandbox\/2022\/01\/22\/entrenador-queretano-participara-en-juegos-olimpicos-de-invierno\/\" class=\"more-link\">Leer m\u00e1s<\/a><\/p>\n","protected":false},"author":2,"featured_media":18401,"comment_status":"open","ping_status":"open","sticky":false,"template":"","format":"standard","meta":{"_monsterinsights_skip_tracking":false,"_monsterinsights_sitenote_active":false,"_monsterinsights_sitenote_note":"","_monsterinsights_sitenote_category":0,"footnotes":""},"categories":[4,2],"tags":[],"class_list":["post-18400","post","type-post","status-publish","format-standard","has-post-thumbnail","hentry","category-inter","category-qro","entry"],"aioseo_notices":[],"_links":{"self":[{"href":"https:\/\/a3noticias.com.mx\/sandbox\/wp-json\/wp\/v2\/posts\/18400","targetHints":{"allow":["GET"]}}],"collection":[{"href":"https:\/\/a3noticias.com.mx\/sandbox\/wp-json\/wp\/v2\/posts"}],"about":[{"href":"https:\/\/a3noticias.com.mx\/sandbox\/wp-json\/wp\/v2\/types\/post"}],"author":[{"embeddable":true,"href":"https:\/\/a3noticias.com.mx\/sandbox\/wp-json\/wp\/v2\/users\/2"}],"replies":[{"embeddable":true,"href":"https:\/\/a3noticias.com.mx\/sandbox\/wp-json\/wp\/v2\/comments?post=18400"}],"version-history":[{"count":2,"href":"https:\/\/a3noticias.com.mx\/sandbox\/wp-json\/wp\/v2\/posts\/18400\/revisions"}],"predecessor-version":[{"id":18403,"href":"https:\/\/a3noticias.com.mx\/sandbox\/wp-json\/wp\/v2\/posts\/18400\/revisions\/18403"}],"wp:featuredmedia":[{"embeddable":true,"href":"https:\/\/a3noticias.com.mx\/sandbox\/wp-json\/wp\/v2\/media\/18401"}],"wp:attachment":[{"href":"https:\/\/a3noticias.com.mx\/sandbox\/wp-json\/wp\/v2\/media?parent=18400"}],"wp:term":[{"taxonomy":"category","embeddable":true,"href":"https:\/\/a3noticias.com.mx\/sandbox\/wp-json\/wp\/v2\/categories?post=18400"},{"taxonomy":"post_tag","embeddable":true,"href":"https:\/\/a3noticias.com.mx\/sandbox\/wp-json\/wp\/v2\/tags?post=18400"}],"curies":[{"name":"wp","href":"https:\/\/api.w.org\/{rel}","templated":true}]}}