{"id":18408,"date":"2022-01-22T09:46:25","date_gmt":"2022-01-22T15:46:25","guid":{"rendered":"https:\/\/a3noticias.com.mx\/sandbox\/?p=18408"},"modified":"2022-01-22T09:46:26","modified_gmt":"2022-01-22T15:46:26","slug":"ocupacion-hospitalaria-en-camas-sin-ventilador-en-queretaro-en-39","status":"publish","type":"post","link":"https:\/\/a3noticias.com.mx\/sandbox\/2022\/01\/22\/ocupacion-hospitalaria-en-camas-sin-ventilador-en-queretaro-en-39\/","title":{"rendered":"Ocupaci\u00f3n hospitalaria en camas sin ventilador en Quer\u00e9taro en 39%"},"content":{"rendered":"\n<p>En las \u00faltimas semanas, el alza continua en casos positivos de Covid-19 ha comenzado a presionar el sistema hospitalario en Quer\u00e9taro, pues mientras el 2 de enero se registraba una ocupaci\u00f3n hospitalaria del 9% con base en la Red Negativa de Infecciones Respiratorias Agudas (IRAG), hoy ese indicador se encuentra en 29%.<\/p>\n\n\n\n<p>En cuanto a la ocupaci\u00f3n en camas con ventilador, en esa misma fecha era del 7% y 11% en camas sin ventilador.<\/p>\n\n\n\n<p>De acuerdo con la informaci\u00f3n difundida por la Secretar\u00eda de Salud en el estado este viernes, <strong>\u00abla disponibilidad de camas de hospitalizaci\u00f3n general y con ventilador, con informaci\u00f3n del 20 de enero, se tiene una ocupaci\u00f3n de 29%, con base en la Red Negativa de Infecciones Respiratorias Agudas (IRAG)\u00bb.<\/strong><\/p>\n\n\n\n<blockquote class=\"wp-block-quote is-style-large is-layout-flow wp-block-quote-is-layout-flow\"><p>\u00abEn Quer\u00e9taro se registra 15 por ciento de ocupaci\u00f3n de camas con ventilador y 39 por ciento en camas sin ventilador\u00bb, detalla la dependencia.<\/p><\/blockquote>\n\n\n\n<p>Adem\u00e1s se sumaron mil 312 casos de la enfermedad, se trata de 766 mujeres y 546 hombres. El registro acumulado es de 114 mil 49 casos; 51% son mujeres y 49% son hombres.<\/p>\n\n\n\n<p>Tambi\u00e9n se registraron seis defunciones a causa de la enfermedad; se han registrado seis mil 163 defunciones en lo que va de la pandemia.<\/p>\n\n\n\n<p>Con sintomatolog\u00eda leve, aislamiento y manejo en su domicilio hay ocho mil 265 pacientes y 156 hospitalizados, 55 de los cuales se encuentran graves. Se han registrado seis mil 163 defunciones.<\/p>\n\n\n\n<p>Se exhorta a la poblaci\u00f3n a no automedicarse y, para prevenir la transmisi\u00f3n, lavarse las manos de manera frecuente con agua y jab\u00f3n o utilizar soluciones alcoholadas a 70%, usar cubreboca al salir de casa y mantener sana distancia entre personas (de 1.5 a dos metros).<\/p>\n\n\n\n<p>Asimismo, a quedarse en casa cuando se tienen enfermedades respiratorias y comunicarse al&nbsp;<em>call center<\/em>&nbsp;estatal 4421015205, para recibir orientaci\u00f3n m\u00e9dica si se presenta alguno de los s\u00edntomas o signos como: dificultad para respirar (dato de gravedad), fiebre (mayor a 38 grados), dolor de cabeza, tos, dolor de garganta, escurrimiento nasal, dolor de pecho, alteraci\u00f3n del olfato o del sentido del gusto.<\/p>\n","protected":false},"excerpt":{"rendered":"<p>En las \u00faltimas semanas, el alza continua en casos positivos de Covid-19 ha comenzado a presionar el sistema hospitalario en Quer\u00e9taro, pues mientras el 2 de enero se registraba una &hellip; <a href=\"https:\/\/a3noticias.com.mx\/sandbox\/2022\/01\/22\/ocupacion-hospitalaria-en-camas-sin-ventilador-en-queretaro-en-39\/\" class=\"more-link\">Leer m\u00e1s<\/a><\/p>\n","protected":false},"author":4,"featured_media":18409,"comment_status":"open","ping_status":"open","sticky":false,"template":"","format":"standard","meta":{"_monsterinsights_skip_tracking":false,"_monsterinsights_sitenote_active":false,"_monsterinsights_sitenote_note":"","_monsterinsights_sitenote_category":0,"footnotes":""},"categories":[2],"tags":[],"class_list":["post-18408","post","type-post","status-publish","format-standard","has-post-thumbnail","hentry","category-qro","entry"],"aioseo_notices":[],"_links":{"self":[{"href":"https:\/\/a3noticias.com.mx\/sandbox\/wp-json\/wp\/v2\/posts\/18408","targetHints":{"allow":["GET"]}}],"collection":[{"href":"https:\/\/a3noticias.com.mx\/sandbox\/wp-json\/wp\/v2\/posts"}],"about":[{"href":"https:\/\/a3noticias.com.mx\/sandbox\/wp-json\/wp\/v2\/types\/post"}],"author":[{"embeddable":true,"href":"https:\/\/a3noticias.com.mx\/sandbox\/wp-json\/wp\/v2\/users\/4"}],"replies":[{"embeddable":true,"href":"https:\/\/a3noticias.com.mx\/sandbox\/wp-json\/wp\/v2\/comments?post=18408"}],"version-history":[{"count":1,"href":"https:\/\/a3noticias.com.mx\/sandbox\/wp-json\/wp\/v2\/posts\/18408\/revisions"}],"predecessor-version":[{"id":18410,"href":"https:\/\/a3noticias.com.mx\/sandbox\/wp-json\/wp\/v2\/posts\/18408\/revisions\/18410"}],"wp:featuredmedia":[{"embeddable":true,"href":"https:\/\/a3noticias.com.mx\/sandbox\/wp-json\/wp\/v2\/media\/18409"}],"wp:attachment":[{"href":"https:\/\/a3noticias.com.mx\/sandbox\/wp-json\/wp\/v2\/media?parent=18408"}],"wp:term":[{"taxonomy":"category","embeddable":true,"href":"https:\/\/a3noticias.com.mx\/sandbox\/wp-json\/wp\/v2\/categories?post=18408"},{"taxonomy":"post_tag","embeddable":true,"href":"https:\/\/a3noticias.com.mx\/sandbox\/wp-json\/wp\/v2\/tags?post=18408"}],"curies":[{"name":"wp","href":"https:\/\/api.w.org\/{rel}","templated":true}]}}