{"id":18411,"date":"2022-01-23T09:21:26","date_gmt":"2022-01-23T15:21:26","guid":{"rendered":"https:\/\/a3noticias.com.mx\/sandbox\/?p=18411"},"modified":"2022-01-23T09:21:28","modified_gmt":"2022-01-23T15:21:28","slug":"queretaro-ha-sumado-12846-contagios-en-dos-semanas","status":"publish","type":"post","link":"https:\/\/a3noticias.com.mx\/sandbox\/2022\/01\/23\/queretaro-ha-sumado-12846-contagios-en-dos-semanas\/","title":{"rendered":"Quer\u00e9taro ha sumado 12,846 contagios en dos semanas"},"content":{"rendered":"\n<p>El gobernador de Quer\u00e9taro, Mauricio Kuri Gonz\u00e1lez, emiti\u00f3 un mensaje a los queretanos, en el que reconoci\u00f3 que se est\u00e1 viviendo un alza en contagios importante con 12 mil 846 contagios registrados en las \u00faltimas dos semanas.&nbsp;<\/p>\n\n\n\n<p>Sin embargo, resalt\u00f3 que las hospitalizaciones contin\u00faan siendo bajas, 180 durante el mismo periodo, lo que dijo, se debe a que el estado tiene un alto porcentaje de vacunaci\u00f3n, un 98% en la primera dosis, en aquellos que son mayores de 18 a\u00f1os y 87% ya con dos dosis.<\/p>\n\n\n\n<p>Ante el n\u00famero de contagios que se registran actualmente, el gobierno federal decidi\u00f3 pasar a Quer\u00e9taro a sem\u00e1foro amarillo, mientras que el Comit\u00e9 T\u00e9cnico para la Atenci\u00f3n del Covid-19 en el estado determin\u00f3 mantener a la entidad en Escenario A Modificado.<\/p>\n\n\n\n<p>\u201cSoy muy claro con ustedes, desde el gobierno del Estado estamos haciendo todos los esfuerzos que este repunte afecte a la econom\u00eda de las familias queretanas, lograrlo es responsabilidad de todos\u201d, se\u00f1al\u00f3 el mandatario estatal.<\/p>\n\n\n\n<p>Refiri\u00f3 que se tienen dos grandes prioridades: la m\u00e1s importante, cuidar la salud de la gente, pero tambi\u00e9n proteger la econom\u00eda de los hogares, para lo que se necesita redoblar esfuerzos e impedir, con el cumplimiento del deber c\u00edvico y responsabilidad social, el aumento de hospitalizaciones, decesos y medidas restrictivas que tomaremos si esto ocurre.<\/p>\n\n\n\n<blockquote class=\"wp-block-quote is-style-large is-layout-flow wp-block-quote-is-layout-flow\"><p>\u201cSi respetamos las reglas, evitaremos un nuevo confinamiento y restricciones a la movilidad y la convivencia\u201d, advirti\u00f3.\u00a0<\/p><\/blockquote>\n\n\n\n<p>Al sector privado tambi\u00e9n hizo un llamado a respetar horarios, afluencia y medidas de prevenci\u00f3n.&nbsp;<\/p>\n\n\n\n<p>Finalmente, pidi\u00f3 a los ciudadanos aplicarse la vacuna contra Covid-19, ya sea en su primera o tercera dosis, a quienes est\u00e9n en el rango de edad para hacerlo, as\u00ed como mantener el uso de cubrebocas e higiene y salir s\u00f3lo lo estrictamente necesario.&nbsp;<\/p>\n\n\n\n<blockquote class=\"wp-block-quote is-style-large is-layout-flow wp-block-quote-is-layout-flow\"><p>\u201cQueretanas y queretanos, mostremos una vez m\u00e1s, que nuestra educaci\u00f3n, solidaridad y civismo, son nuestras mejores credenciales para enfrenar los desaf\u00edos\u201d, concluy\u00f3.\u00a0<\/p><\/blockquote>\n\n\n\n<figure><iframe loading=\"lazy\" src=\"https:\/\/www.facebook.com\/plugins\/video.php?height=314&amp;href=https%3A%2F%2Fwww.facebook.com%2FMauricioKuriGonzalez%2Fvideos%2F660344695099559%2F&amp;show_text=false&amp;width=560&amp;t=0\" width=\"560\" height=\"314\" allowfullscreen=\"true\"><\/iframe><\/figure>\n","protected":false},"excerpt":{"rendered":"<p>El gobernador de Quer\u00e9taro, Mauricio Kuri Gonz\u00e1lez, emiti\u00f3 un mensaje a los queretanos, en el que reconoci\u00f3 que se est\u00e1 viviendo un alza en contagios importante con 12 mil 846 &hellip; <a href=\"https:\/\/a3noticias.com.mx\/sandbox\/2022\/01\/23\/queretaro-ha-sumado-12846-contagios-en-dos-semanas\/\" class=\"more-link\">Leer m\u00e1s<\/a><\/p>\n","protected":false},"author":4,"featured_media":18412,"comment_status":"open","ping_status":"open","sticky":false,"template":"","format":"standard","meta":{"_monsterinsights_skip_tracking":false,"_monsterinsights_sitenote_active":false,"_monsterinsights_sitenote_note":"","_monsterinsights_sitenote_category":0,"footnotes":""},"categories":[2],"tags":[],"class_list":["post-18411","post","type-post","status-publish","format-standard","has-post-thumbnail","hentry","category-qro","entry"],"aioseo_notices":[],"_links":{"self":[{"href":"https:\/\/a3noticias.com.mx\/sandbox\/wp-json\/wp\/v2\/posts\/18411","targetHints":{"allow":["GET"]}}],"collection":[{"href":"https:\/\/a3noticias.com.mx\/sandbox\/wp-json\/wp\/v2\/posts"}],"about":[{"href":"https:\/\/a3noticias.com.mx\/sandbox\/wp-json\/wp\/v2\/types\/post"}],"author":[{"embeddable":true,"href":"https:\/\/a3noticias.com.mx\/sandbox\/wp-json\/wp\/v2\/users\/4"}],"replies":[{"embeddable":true,"href":"https:\/\/a3noticias.com.mx\/sandbox\/wp-json\/wp\/v2\/comments?post=18411"}],"version-history":[{"count":1,"href":"https:\/\/a3noticias.com.mx\/sandbox\/wp-json\/wp\/v2\/posts\/18411\/revisions"}],"predecessor-version":[{"id":18413,"href":"https:\/\/a3noticias.com.mx\/sandbox\/wp-json\/wp\/v2\/posts\/18411\/revisions\/18413"}],"wp:featuredmedia":[{"embeddable":true,"href":"https:\/\/a3noticias.com.mx\/sandbox\/wp-json\/wp\/v2\/media\/18412"}],"wp:attachment":[{"href":"https:\/\/a3noticias.com.mx\/sandbox\/wp-json\/wp\/v2\/media?parent=18411"}],"wp:term":[{"taxonomy":"category","embeddable":true,"href":"https:\/\/a3noticias.com.mx\/sandbox\/wp-json\/wp\/v2\/categories?post=18411"},{"taxonomy":"post_tag","embeddable":true,"href":"https:\/\/a3noticias.com.mx\/sandbox\/wp-json\/wp\/v2\/tags?post=18411"}],"curies":[{"name":"wp","href":"https:\/\/api.w.org\/{rel}","templated":true}]}}