{"id":18414,"date":"2022-01-24T09:46:23","date_gmt":"2022-01-24T15:46:23","guid":{"rendered":"https:\/\/a3noticias.com.mx\/sandbox\/?p=18414"},"modified":"2022-01-24T09:46:25","modified_gmt":"2022-01-24T15:46:25","slug":"caso-de-bebe-encontrado-en-el-basurero-de-un-penal-en-puebla-es-fruto-podrido-de-la-descomposicion-socialm-amlo","status":"publish","type":"post","link":"https:\/\/a3noticias.com.mx\/sandbox\/2022\/01\/24\/caso-de-bebe-encontrado-en-el-basurero-de-un-penal-en-puebla-es-fruto-podrido-de-la-descomposicion-socialm-amlo\/","title":{"rendered":"Caso de beb\u00e9 encontrado en el basurero de un penal en Puebla es fruto podrido de la \u201cdescomposici\u00f3n social\u201dM: AMLO."},"content":{"rendered":"\n<p>Luego de que la tarde del viernes pasado, el presidente, Andr\u00e9s Manuel L\u00f3pez Obrador, fuera internado en el Hospital Central Militar de \u2018La Ma\u00f1anera\u2019 de este lunes, dijo estar muy bien de salud y que continuar\u00e1 trabajando. Agradeci\u00f3 todas las muestras de afecto y cari\u00f1o por parte de la poblaci\u00f3n mexicana.&nbsp;<\/p>\n\n\n\n<p>Respecto al pol\u00e9mico y extra\u00f1o caso del cad\u00e1ver de un beb\u00e9 que apareci\u00f3 en una c\u00e1rcel de Puebla, el mandatario federal asegur\u00f3 que se trata del fruto podrido de la \u201cdescomposici\u00f3n social\u201d que dej\u00f3 la pol\u00edtica neoliberal.<\/p>\n\n\n\n<blockquote class=\"wp-block-quote is-layout-flow wp-block-quote-is-layout-flow\"><p>\u201cEs fruto podrido de la descomposici\u00f3n social, son hechos lamentables que no deber\u00edan de suceder pero tienen que ver con el pasado reciente, eso es lo que nos dej\u00f3 la pol\u00edtica neoliberal\u201d<\/p><\/blockquote>\n\n\n\n<p>El jefe del Ejecutivo federal apunt\u00f3 que el neoliberalismo desemboca en una crisis profunda en lo econ\u00f3mico, social y moral, donde \u201cla \u00fanica manera de enfrentar esa crisis es con una transformaci\u00f3n, como se est\u00e1 haciendo\u201d, argument\u00f3.&nbsp;<\/p>\n\n\n\n<p>En ese sentido, es importante recordar que el s\u00e1bado pasado, el fiscal general de Puebla, Gilberto Higuera Bernal, afirm\u00f3 que el cad\u00e1ver del beb\u00e9 Tadeo que apareci\u00f3 en una c\u00e1rcel del estado de Puebla fue robado de un pante\u00f3n de Ciudad de M\u00e9xico. El caso ha sacudido a M\u00e9xico desde la semana pasada, cuando la asociaci\u00f3n civil Reinserta denunci\u00f3 el hallazgo del menor en el penal.<\/p>\n\n\n\n<p>El fiscal de Puebla no aclar\u00f3 a\u00fan cu\u00e1les fueron las motivaciones detr\u00e1s del crimen aunque ahond\u00f3 en que la autopsia arroj\u00f3 que el menor \u201cconservaba todos sus \u00f3rganos en su lugar y que presentaba una herida quir\u00fargica de 7 cent\u00edmetros con sus puntos de sutura originales\u201d.<\/p>\n","protected":false},"excerpt":{"rendered":"<p>Luego de que la tarde del viernes pasado, el presidente, Andr\u00e9s Manuel L\u00f3pez Obrador, fuera internado en el Hospital Central Militar de \u2018La Ma\u00f1anera\u2019 de este lunes, dijo estar muy &hellip; <a href=\"https:\/\/a3noticias.com.mx\/sandbox\/2022\/01\/24\/caso-de-bebe-encontrado-en-el-basurero-de-un-penal-en-puebla-es-fruto-podrido-de-la-descomposicion-socialm-amlo\/\" class=\"more-link\">Leer m\u00e1s<\/a><\/p>\n","protected":false},"author":2,"featured_media":18415,"comment_status":"open","ping_status":"open","sticky":false,"template":"","format":"standard","meta":{"_monsterinsights_skip_tracking":false,"_monsterinsights_sitenote_active":false,"_monsterinsights_sitenote_note":"","_monsterinsights_sitenote_category":0,"footnotes":""},"categories":[3],"tags":[],"class_list":["post-18414","post","type-post","status-publish","format-standard","has-post-thumbnail","hentry","category-nal","entry"],"aioseo_notices":[],"_links":{"self":[{"href":"https:\/\/a3noticias.com.mx\/sandbox\/wp-json\/wp\/v2\/posts\/18414","targetHints":{"allow":["GET"]}}],"collection":[{"href":"https:\/\/a3noticias.com.mx\/sandbox\/wp-json\/wp\/v2\/posts"}],"about":[{"href":"https:\/\/a3noticias.com.mx\/sandbox\/wp-json\/wp\/v2\/types\/post"}],"author":[{"embeddable":true,"href":"https:\/\/a3noticias.com.mx\/sandbox\/wp-json\/wp\/v2\/users\/2"}],"replies":[{"embeddable":true,"href":"https:\/\/a3noticias.com.mx\/sandbox\/wp-json\/wp\/v2\/comments?post=18414"}],"version-history":[{"count":1,"href":"https:\/\/a3noticias.com.mx\/sandbox\/wp-json\/wp\/v2\/posts\/18414\/revisions"}],"predecessor-version":[{"id":18416,"href":"https:\/\/a3noticias.com.mx\/sandbox\/wp-json\/wp\/v2\/posts\/18414\/revisions\/18416"}],"wp:featuredmedia":[{"embeddable":true,"href":"https:\/\/a3noticias.com.mx\/sandbox\/wp-json\/wp\/v2\/media\/18415"}],"wp:attachment":[{"href":"https:\/\/a3noticias.com.mx\/sandbox\/wp-json\/wp\/v2\/media?parent=18414"}],"wp:term":[{"taxonomy":"category","embeddable":true,"href":"https:\/\/a3noticias.com.mx\/sandbox\/wp-json\/wp\/v2\/categories?post=18414"},{"taxonomy":"post_tag","embeddable":true,"href":"https:\/\/a3noticias.com.mx\/sandbox\/wp-json\/wp\/v2\/tags?post=18414"}],"curies":[{"name":"wp","href":"https:\/\/api.w.org\/{rel}","templated":true}]}}