{"id":18417,"date":"2022-01-24T10:14:39","date_gmt":"2022-01-24T16:14:39","guid":{"rendered":"https:\/\/a3noticias.com.mx\/sandbox\/?p=18417"},"modified":"2022-01-24T10:16:23","modified_gmt":"2022-01-24T16:16:23","slug":"llama-voceria-a-no-bajar-la-guardia-casos-de-covid-19-superan-los-900-diarios","status":"publish","type":"post","link":"https:\/\/a3noticias.com.mx\/sandbox\/2022\/01\/24\/llama-voceria-a-no-bajar-la-guardia-casos-de-covid-19-superan-los-900-diarios\/","title":{"rendered":"Llama Vocer\u00eda a no bajar la guardia; casos de Covid-19 superan los 900 diarios"},"content":{"rendered":"\n<p>El Vocero Organizacional del Estado, Erick Ventura, hizo un llamado a la poblaci\u00f3n queretana a no bajar la guardia ante el alza en contagios de Covid-19 en la entidad.<\/p>\n\n\n\n<p>Apunt\u00f3 que pese a que esta semana Quer\u00e9taro lleg\u00f3 al promedio semanal de m\u00e1s de 900 casos diarios y m\u00e1s de 6 mil 500 casos activos de Covid, no se ha visto un incremento considerable en la ocupaci\u00f3n hospitalaria y a\u00fan se encuentra en niveles manejables, sin embargo, enunci\u00f3 que este aumento de casos podr\u00eda significar mayor n\u00famero de fallecimientos.&nbsp;<\/p>\n\n\n\n<p>Por ello, inst\u00f3 a quienes padecen Covid en estos momentos a estar pendientes de las se\u00f1ales de alerta, como lo son: bajos niveles de oxigenaci\u00f3n, respirar r\u00e1pidamente, agitarse con peque\u00f1os esfuerzos, sensaci\u00f3n de falta de aire, labios o unas moradas, las cuales en caso de presentarse deber\u00e1n ser atendidas por los servicios de emergencia, a fin de evitar complicaciones derivadas de la enfermedad.<\/p>\n\n\n\n<p>De igual manera, los exhort\u00f3 a alimentarse saludablemente, hidratarse, realizar una actividad f\u00edsica moderada, guardar reposo, dormir ocho horas diarias, mantener limpios y ventilados los espacios, y asearse constantemente.<\/p>\n\n\n\n<p>Asimismo, agradeci\u00f3 a las personas que tras haber estado en contacto con alguien que result\u00f3 positivo, presentaron s\u00edntomas y se aislaron, pues gracias a esta acci\u00f3n la enfermedad no satur\u00f3 el sistema de salud.<\/p>\n\n\n\n<p>Por otro lado, inst\u00f3 a quienes a\u00fan no se han contagiado en esta cuarta ola, a reforzar sus estrategias personales de prevenci\u00f3n, a quedarse en casa y evitar salir a menos que sea una actividad esencial, as\u00ed como evitar aglomeraciones y espacios cerrados.<\/p>\n\n\n\n<p>Refiri\u00f3 que si en los \u00e1mbitos laborales o familiares se han presentado casos positivos y se comienza a tener s\u00edntomas, es de suma importancia aislarse a\u00fan sin la necesidad de realizarse una prueba, pues la probabilidad de estar infectado de Covid-19 es muy alta. Por ello, hizo \u00e9nfasis en el lavado constante de manos, el uso de cubreboca, la sana distancia, as\u00ed como tener los espacios ventilados y el vacunarse para disminuir el riesgo de gravedad.<\/p>\n\n\n\n<p>Finalmente, pidi\u00f3 a la ciudadan\u00eda queretana estar atenta a las comunicaciones oficiales, pues el Comit\u00e9 T\u00e9cnico para la atenci\u00f3n Covid-19 se encuentra monitoreando de forma permanente el desarrollo de la enfermedad y las hospitalizaciones. Se\u00f1al\u00f3 que es responsabilidad de todos superar esta nueva ola de contagios y que juntos saldremos adelante.<\/p>\n","protected":false},"excerpt":{"rendered":"<p>El Vocero Organizacional del Estado, Erick Ventura, hizo un llamado a la poblaci\u00f3n queretana a no bajar la guardia ante el alza en contagios de Covid-19 en la entidad. Apunt\u00f3 &hellip; <a href=\"https:\/\/a3noticias.com.mx\/sandbox\/2022\/01\/24\/llama-voceria-a-no-bajar-la-guardia-casos-de-covid-19-superan-los-900-diarios\/\" class=\"more-link\">Leer m\u00e1s<\/a><\/p>\n","protected":false},"author":4,"featured_media":18420,"comment_status":"open","ping_status":"open","sticky":false,"template":"","format":"standard","meta":{"_monsterinsights_skip_tracking":false,"_monsterinsights_sitenote_active":false,"_monsterinsights_sitenote_note":"","_monsterinsights_sitenote_category":0,"footnotes":""},"categories":[2],"tags":[],"class_list":["post-18417","post","type-post","status-publish","format-standard","has-post-thumbnail","hentry","category-qro","entry"],"aioseo_notices":[],"_links":{"self":[{"href":"https:\/\/a3noticias.com.mx\/sandbox\/wp-json\/wp\/v2\/posts\/18417","targetHints":{"allow":["GET"]}}],"collection":[{"href":"https:\/\/a3noticias.com.mx\/sandbox\/wp-json\/wp\/v2\/posts"}],"about":[{"href":"https:\/\/a3noticias.com.mx\/sandbox\/wp-json\/wp\/v2\/types\/post"}],"author":[{"embeddable":true,"href":"https:\/\/a3noticias.com.mx\/sandbox\/wp-json\/wp\/v2\/users\/4"}],"replies":[{"embeddable":true,"href":"https:\/\/a3noticias.com.mx\/sandbox\/wp-json\/wp\/v2\/comments?post=18417"}],"version-history":[{"count":1,"href":"https:\/\/a3noticias.com.mx\/sandbox\/wp-json\/wp\/v2\/posts\/18417\/revisions"}],"predecessor-version":[{"id":18419,"href":"https:\/\/a3noticias.com.mx\/sandbox\/wp-json\/wp\/v2\/posts\/18417\/revisions\/18419"}],"wp:featuredmedia":[{"embeddable":true,"href":"https:\/\/a3noticias.com.mx\/sandbox\/wp-json\/wp\/v2\/media\/18420"}],"wp:attachment":[{"href":"https:\/\/a3noticias.com.mx\/sandbox\/wp-json\/wp\/v2\/media?parent=18417"}],"wp:term":[{"taxonomy":"category","embeddable":true,"href":"https:\/\/a3noticias.com.mx\/sandbox\/wp-json\/wp\/v2\/categories?post=18417"},{"taxonomy":"post_tag","embeddable":true,"href":"https:\/\/a3noticias.com.mx\/sandbox\/wp-json\/wp\/v2\/tags?post=18417"}],"curies":[{"name":"wp","href":"https:\/\/api.w.org\/{rel}","templated":true}]}}