{"id":18421,"date":"2022-01-24T11:40:28","date_gmt":"2022-01-24T17:40:28","guid":{"rendered":"https:\/\/a3noticias.com.mx\/sandbox\/?p=18421"},"modified":"2022-01-24T11:40:31","modified_gmt":"2022-01-24T17:40:31","slug":"sejuve-realizara-expo-graffiti","status":"publish","type":"post","link":"https:\/\/a3noticias.com.mx\/sandbox\/2022\/01\/24\/sejuve-realizara-expo-graffiti\/","title":{"rendered":"SEJUVE realizar\u00e1 \u201cExpo Graffiti\u201d"},"content":{"rendered":"\n<p>El pr\u00f3ximo s\u00e1bado 29 de enero, la Secretar\u00eda de la Juventud estatal llevar\u00e1 a cabo la Expo Graffiti, \u201cSkate Park Plateros\u201d que reunir\u00e1 a j\u00f3venes queretanos interesados en el arte, para la creaci\u00f3n de murales art\u00edsticos realizados con graffiti.<\/p>\n\n\n\n<p>La cita ser\u00e1 este 29 de enero, a partir de las 11 de la ma\u00f1ana y hasta las 6:30 de la tarde en el Skatepark Plateros, ubicado en la calle Plateros n\u00famero 3, colonia Constituyentes, en el primer cuadro de la ciudad.<\/p>\n\n\n\n<p>La convocatoria est\u00e1 abierta para todos los j\u00f3venes que deseen sumarse a plasmar su talento con el graffiti. Adem\u00e1s habr\u00e1 skateboarding, micro abierto y free style rap, para que los j\u00f3venes adem\u00e1s de expresar su talento en un mural, pasen un momento de recreaci\u00f3n sana en el que mostrar\u00e1n sus dotes musicales.<\/p>\n\n\n\n<p>Con esto la SEJUVE busca impulsar la libre expresi\u00f3n de la juventud queretana de una manera sana y art\u00edstica, al tiempo que aportan est\u00e9tica a las calles y parques del estado.<\/p>\n\n\n\n<figure class=\"wp-block-embed-twitter wp-block-embed is-type-rich is-provider-twitter\"><div class=\"wp-block-embed__wrapper\">\n<blockquote class=\"twitter-tweet\" data-width=\"550\" data-dnt=\"true\"><p lang=\"es\" dir=\"ltr\">\u00a1Se acerca la expo de grafiti urbano en el Skate Park de Plateros! \ud83d\ude0e<br><br>Participa en nuestra intervenci\u00f3n de murales, \ud83c\udfa8 free style rap, \ud83e\uddd1\u200d\ud83c\udfa4  skateboarding \ud83d\udef9 y el micro abierto \ud83c\udfa4. <br><br>Te esperamos este 29 de enero, de 11:00 a.m. a 06:30 p.m. \u00a1Ah\u00ed nos vemos! \ud83e\udd1f <a href=\"https:\/\/t.co\/5FmIWKVZr5\">pic.twitter.com\/5FmIWKVZr5<\/a><\/p>&mdash; SEJUVE QUER\u00c9TARO (@SejuveQro) <a href=\"https:\/\/twitter.com\/SejuveQro\/status\/1484596956865482761?ref_src=twsrc%5Etfw\">January 21, 2022<\/a><\/blockquote><script async src=\"https:\/\/platform.twitter.com\/widgets.js\" charset=\"utf-8\"><\/script>\n<\/div><\/figure>\n","protected":false},"excerpt":{"rendered":"<p>El pr\u00f3ximo s\u00e1bado 29 de enero, la Secretar\u00eda de la Juventud estatal llevar\u00e1 a cabo la Expo Graffiti, \u201cSkate Park Plateros\u201d que reunir\u00e1 a j\u00f3venes queretanos interesados en el arte, &hellip; <a href=\"https:\/\/a3noticias.com.mx\/sandbox\/2022\/01\/24\/sejuve-realizara-expo-graffiti\/\" class=\"more-link\">Leer m\u00e1s<\/a><\/p>\n","protected":false},"author":4,"featured_media":18422,"comment_status":"open","ping_status":"open","sticky":false,"template":"","format":"standard","meta":{"_monsterinsights_skip_tracking":false,"_monsterinsights_sitenote_active":false,"_monsterinsights_sitenote_note":"","_monsterinsights_sitenote_category":0,"footnotes":""},"categories":[2],"tags":[],"class_list":["post-18421","post","type-post","status-publish","format-standard","has-post-thumbnail","hentry","category-qro","entry"],"aioseo_notices":[],"_links":{"self":[{"href":"https:\/\/a3noticias.com.mx\/sandbox\/wp-json\/wp\/v2\/posts\/18421","targetHints":{"allow":["GET"]}}],"collection":[{"href":"https:\/\/a3noticias.com.mx\/sandbox\/wp-json\/wp\/v2\/posts"}],"about":[{"href":"https:\/\/a3noticias.com.mx\/sandbox\/wp-json\/wp\/v2\/types\/post"}],"author":[{"embeddable":true,"href":"https:\/\/a3noticias.com.mx\/sandbox\/wp-json\/wp\/v2\/users\/4"}],"replies":[{"embeddable":true,"href":"https:\/\/a3noticias.com.mx\/sandbox\/wp-json\/wp\/v2\/comments?post=18421"}],"version-history":[{"count":2,"href":"https:\/\/a3noticias.com.mx\/sandbox\/wp-json\/wp\/v2\/posts\/18421\/revisions"}],"predecessor-version":[{"id":18424,"href":"https:\/\/a3noticias.com.mx\/sandbox\/wp-json\/wp\/v2\/posts\/18421\/revisions\/18424"}],"wp:featuredmedia":[{"embeddable":true,"href":"https:\/\/a3noticias.com.mx\/sandbox\/wp-json\/wp\/v2\/media\/18422"}],"wp:attachment":[{"href":"https:\/\/a3noticias.com.mx\/sandbox\/wp-json\/wp\/v2\/media?parent=18421"}],"wp:term":[{"taxonomy":"category","embeddable":true,"href":"https:\/\/a3noticias.com.mx\/sandbox\/wp-json\/wp\/v2\/categories?post=18421"},{"taxonomy":"post_tag","embeddable":true,"href":"https:\/\/a3noticias.com.mx\/sandbox\/wp-json\/wp\/v2\/tags?post=18421"}],"curies":[{"name":"wp","href":"https:\/\/api.w.org\/{rel}","templated":true}]}}