{"id":18428,"date":"2022-01-24T12:32:20","date_gmt":"2022-01-24T18:32:20","guid":{"rendered":"https:\/\/a3noticias.com.mx\/sandbox\/?p=18428"},"modified":"2022-01-24T12:32:22","modified_gmt":"2022-01-24T18:32:22","slug":"cuarta-ola-de-covid-19-provoca-ausentismo-en-escuelas-y-negocios","status":"publish","type":"post","link":"https:\/\/a3noticias.com.mx\/sandbox\/2022\/01\/24\/cuarta-ola-de-covid-19-provoca-ausentismo-en-escuelas-y-negocios\/","title":{"rendered":"Cuarta ola de Covid-19 provoca ausentismo en escuelas y negocios"},"content":{"rendered":"\n<p>Actividades escolares y laborales en el estado se est\u00e1n viendo seriamente afectadas en la entidad a causa de la cuarta ola de contagios de Covid-19, aseguran autoridades estatales.<\/p>\n\n\n\n<p>En cuanto al sector educativo, ha presentado un alto \u00edndice de ausentismo entre profesores, alumnos y personal de apoyo, en escuelas de nivel b\u00e1sico en la entidad.<\/p>\n\n\n\n<p>Esto se ha derivado de aislamientos propiciados por la presencia de sintomatolog\u00eda que pudiera estar asociada al Covid, para realizarse las pruebas diagn\u00f3stico pertinentes o bien, para cursar la enfermedad en casa, asegur\u00f3 Ra\u00fal Iturralde Olvera, coordinador general de la Unidad de Servicios para la Educaci\u00f3n B\u00e1sica en el Estado de Quer\u00e9taro (USEBEQ).<\/p>\n\n\n\n<p>Refiri\u00f3 que no ha habido rebrotes de Covid-19 en las aulas escolares que regresaron a clases presenciales, por lo que no ha sido necesario el cierre de ninguna escuela, sin embargo, s\u00ed se ha presentado un incremento en los casos confirmados.<\/p>\n\n\n\n<p>Por otro lado, la C\u00e1mara Nacional de la Industria de la Transformaci\u00f3n (Canacintra), delegaci\u00f3n Quer\u00e9taro, reporto la semana pasada un promedio del 20% de ausentismo laboral, a consecuencia de la cuarta ola de contagios, misma que ha incidido directamente en la productividad de las actividades secundarias.<\/p>\n\n\n\n<p>De acuerdo con el presidente de Canacintra en Quer\u00e9taro, Jorge Rivadeneyra D\u00edaz, este podr\u00eda ser el nivel de ausentismo laboral m\u00e1s alto que se ha presentado desde inicios de la pandemia, pues previamente el faltante en trabajadores oscilaba entre el 2 y el 5 por ciento.<\/p>\n\n\n\n<p>Se\u00f1al\u00f3 que esto ha provocado una ca\u00edda porcentual de diez puntos en cuanto a la capacidad de producci\u00f3n de las empresas afiliadas a la c\u00e1mara, pues antes de la cuarta ola, rondaban entre el 85 y 90 por ciento de su capacidad de producci\u00f3n y ahora reportan de un 75 a 85 por ciento.<\/p>\n","protected":false},"excerpt":{"rendered":"<p>Actividades escolares y laborales en el estado se est\u00e1n viendo seriamente afectadas en la entidad a causa de la cuarta ola de contagios de Covid-19, aseguran autoridades estatales. En cuanto &hellip; <a href=\"https:\/\/a3noticias.com.mx\/sandbox\/2022\/01\/24\/cuarta-ola-de-covid-19-provoca-ausentismo-en-escuelas-y-negocios\/\" class=\"more-link\">Leer m\u00e1s<\/a><\/p>\n","protected":false},"author":4,"featured_media":18429,"comment_status":"open","ping_status":"open","sticky":false,"template":"","format":"standard","meta":{"_monsterinsights_skip_tracking":false,"_monsterinsights_sitenote_active":false,"_monsterinsights_sitenote_note":"","_monsterinsights_sitenote_category":0,"footnotes":""},"categories":[2],"tags":[],"class_list":["post-18428","post","type-post","status-publish","format-standard","has-post-thumbnail","hentry","category-qro","entry"],"aioseo_notices":[],"_links":{"self":[{"href":"https:\/\/a3noticias.com.mx\/sandbox\/wp-json\/wp\/v2\/posts\/18428","targetHints":{"allow":["GET"]}}],"collection":[{"href":"https:\/\/a3noticias.com.mx\/sandbox\/wp-json\/wp\/v2\/posts"}],"about":[{"href":"https:\/\/a3noticias.com.mx\/sandbox\/wp-json\/wp\/v2\/types\/post"}],"author":[{"embeddable":true,"href":"https:\/\/a3noticias.com.mx\/sandbox\/wp-json\/wp\/v2\/users\/4"}],"replies":[{"embeddable":true,"href":"https:\/\/a3noticias.com.mx\/sandbox\/wp-json\/wp\/v2\/comments?post=18428"}],"version-history":[{"count":1,"href":"https:\/\/a3noticias.com.mx\/sandbox\/wp-json\/wp\/v2\/posts\/18428\/revisions"}],"predecessor-version":[{"id":18430,"href":"https:\/\/a3noticias.com.mx\/sandbox\/wp-json\/wp\/v2\/posts\/18428\/revisions\/18430"}],"wp:featuredmedia":[{"embeddable":true,"href":"https:\/\/a3noticias.com.mx\/sandbox\/wp-json\/wp\/v2\/media\/18429"}],"wp:attachment":[{"href":"https:\/\/a3noticias.com.mx\/sandbox\/wp-json\/wp\/v2\/media?parent=18428"}],"wp:term":[{"taxonomy":"category","embeddable":true,"href":"https:\/\/a3noticias.com.mx\/sandbox\/wp-json\/wp\/v2\/categories?post=18428"},{"taxonomy":"post_tag","embeddable":true,"href":"https:\/\/a3noticias.com.mx\/sandbox\/wp-json\/wp\/v2\/tags?post=18428"}],"curies":[{"name":"wp","href":"https:\/\/api.w.org\/{rel}","templated":true}]}}