{"id":18437,"date":"2022-01-25T09:41:01","date_gmt":"2022-01-25T15:41:01","guid":{"rendered":"https:\/\/a3noticias.com.mx\/sandbox\/?p=18437"},"modified":"2022-01-25T09:41:04","modified_gmt":"2022-01-25T15:41:04","slug":"amlo-garantiza-que-asesinato-de-la-periodista-lourdes-maldonado-sera-investigado-a-fondo","status":"publish","type":"post","link":"https:\/\/a3noticias.com.mx\/sandbox\/2022\/01\/25\/amlo-garantiza-que-asesinato-de-la-periodista-lourdes-maldonado-sera-investigado-a-fondo\/","title":{"rendered":"AMLO garantiza que asesinato de la periodista Lourdes Maldonado ser\u00e1 investigado a fondo."},"content":{"rendered":"\n<p>Rosa Icela Rodr\u00edguez, titular de la Secretar\u00eda de Seguridad y Protecci\u00f3n Ciudadana (SSPC), reconoci\u00f3 que en el combate a violencia contra las mujeres se ha avanzado, pero no lo suficiente, asimismo asegur\u00f3 que se implementar\u00e1n nuevos mecanismos para atender y prevenir los delitos que afectan a este sector de manera directa.&nbsp;&nbsp;<\/p>\n\n\n\n<p>\u201cHemos avanzado, pero no lo suficiente, por lo que en 2022 se intensificara la revisi\u00f3n de carpetas de investigaci\u00f3n por delitos como feminicidio y la estrategia cero impunidad, coadyuvando con fiscal\u00edas estatales\u201d.<\/p>\n\n\n\n<p>Respecto a Lourdes Maldonado, la periodista asesinada en Tijuana, el presidente, Andr\u00e9s Manuel L\u00f3pez Obrador, se\u00f1al\u00f3 que se realizar\u00e1 una investigaci\u00f3n a fondo sobre el crimen y dijo que en este tipo de casos siempre se detienen a los responsables pues, de acuerdo con el mandatario,&nbsp; ya no se mantienen relaciones de complicidad con el crimen organizado.&nbsp;<\/p>\n\n\n\n<blockquote class=\"wp-block-quote is-layout-flow wp-block-quote-is-layout-flow\"><p>\u201cEn el caso de la compa\u00f1era que fue asesinada en Tijuana, he dado instrucciones porque vamos a llevar a cabo una investigaci\u00f3n a fondo. La diferencia (&#8230;) es que nosotros no permitimos la impunidad, anteriormente hab\u00eda relaciones de complicidad, eso era el gobierno, una banda de malhechores, ahora no\u201d<\/p><\/blockquote>\n\n\n\n<p>De igual forma, el jefe del Ejecutivo federal, apunt\u00f3 que la periodista no se encontraba inscrita en el programa de protecci\u00f3n a periodistas de la Federaci\u00f3n, pues ya ten\u00eda ese apoyo por parte del gobierno de Baja California.<\/p>\n\n\n\n<blockquote class=\"wp-block-quote is-layout-flow wp-block-quote-is-layout-flow\"><p>\u00a0\u201cEl a\u00f1o pasado solicit\u00f3 protecci\u00f3n al gobierno de Baja California y se le otorg\u00f3 esa protecci\u00f3n, no estaba inscrita en el programa de protecci\u00f3n a periodistas del gobierno federal. Nosotros estamos obligados a aclarar este crimen, y a evitar que contin\u00faen los asesinatos de periodistas\u201d.<\/p><\/blockquote>\n","protected":false},"excerpt":{"rendered":"<p>Rosa Icela Rodr\u00edguez, titular de la Secretar\u00eda de Seguridad y Protecci\u00f3n Ciudadana (SSPC), reconoci\u00f3 que en el combate a violencia contra las mujeres se ha avanzado, pero no lo suficiente, &hellip; <a href=\"https:\/\/a3noticias.com.mx\/sandbox\/2022\/01\/25\/amlo-garantiza-que-asesinato-de-la-periodista-lourdes-maldonado-sera-investigado-a-fondo\/\" class=\"more-link\">Leer m\u00e1s<\/a><\/p>\n","protected":false},"author":2,"featured_media":18438,"comment_status":"open","ping_status":"open","sticky":false,"template":"","format":"standard","meta":{"_monsterinsights_skip_tracking":false,"_monsterinsights_sitenote_active":false,"_monsterinsights_sitenote_note":"","_monsterinsights_sitenote_category":0,"footnotes":""},"categories":[3],"tags":[],"class_list":["post-18437","post","type-post","status-publish","format-standard","has-post-thumbnail","hentry","category-nal","entry"],"aioseo_notices":[],"_links":{"self":[{"href":"https:\/\/a3noticias.com.mx\/sandbox\/wp-json\/wp\/v2\/posts\/18437","targetHints":{"allow":["GET"]}}],"collection":[{"href":"https:\/\/a3noticias.com.mx\/sandbox\/wp-json\/wp\/v2\/posts"}],"about":[{"href":"https:\/\/a3noticias.com.mx\/sandbox\/wp-json\/wp\/v2\/types\/post"}],"author":[{"embeddable":true,"href":"https:\/\/a3noticias.com.mx\/sandbox\/wp-json\/wp\/v2\/users\/2"}],"replies":[{"embeddable":true,"href":"https:\/\/a3noticias.com.mx\/sandbox\/wp-json\/wp\/v2\/comments?post=18437"}],"version-history":[{"count":1,"href":"https:\/\/a3noticias.com.mx\/sandbox\/wp-json\/wp\/v2\/posts\/18437\/revisions"}],"predecessor-version":[{"id":18439,"href":"https:\/\/a3noticias.com.mx\/sandbox\/wp-json\/wp\/v2\/posts\/18437\/revisions\/18439"}],"wp:featuredmedia":[{"embeddable":true,"href":"https:\/\/a3noticias.com.mx\/sandbox\/wp-json\/wp\/v2\/media\/18438"}],"wp:attachment":[{"href":"https:\/\/a3noticias.com.mx\/sandbox\/wp-json\/wp\/v2\/media?parent=18437"}],"wp:term":[{"taxonomy":"category","embeddable":true,"href":"https:\/\/a3noticias.com.mx\/sandbox\/wp-json\/wp\/v2\/categories?post=18437"},{"taxonomy":"post_tag","embeddable":true,"href":"https:\/\/a3noticias.com.mx\/sandbox\/wp-json\/wp\/v2\/tags?post=18437"}],"curies":[{"name":"wp","href":"https:\/\/api.w.org\/{rel}","templated":true}]}}