{"id":18440,"date":"2022-01-25T09:44:35","date_gmt":"2022-01-25T15:44:35","guid":{"rendered":"https:\/\/a3noticias.com.mx\/sandbox\/?p=18440"},"modified":"2022-01-25T09:44:37","modified_gmt":"2022-01-25T15:44:37","slug":"suman-3-mil-61-casos-de-covid-los-ultimos-tres-dias","status":"publish","type":"post","link":"https:\/\/a3noticias.com.mx\/sandbox\/2022\/01\/25\/suman-3-mil-61-casos-de-covid-los-ultimos-tres-dias\/","title":{"rendered":"Suman 3 mil 61 casos de Covid los \u00faltimos tres d\u00edas"},"content":{"rendered":"\n<p>Durante los \u00faltimos tres d\u00edas Quer\u00e9taro ha sumado tres mil 61 nuevos casos de Covid-19: 238 el s\u00e1bado, 64 el domingo y dos mil 759 ayer lunes; de los cuales mil 729 son mujeres y mil 332 hombres.<\/p>\n\n\n\n<p>Al momento, hay seis mil 385 pacientes cursando la enfermedad en su domicilio con sintomatolog\u00eda leve. Hospitalizados hay 178, de los cuales 54 se encuentran graves y han fallecido seis mil 172 personas.<\/p>\n\n\n\n<p>Por otro lado, se han dado de alta a cuatro mil 910 pacientes, con lo que suman un total de 104 mil 375 altas m\u00e9dicas, correspondientes al 89.12 por ciento de los enfermos con Covid en la entidad.<\/p>\n\n\n\n<p>Desgraciadamente tres hombres de 66, 82 y 90 a\u00f1os, sin comorbilidad, as\u00ed como cinco hombres de 62, 65, 69, 73 y 77, y una mujer de 97 a\u00f1os, con diversas comorbilidades, que se encontraban hospitalizados, fallecieron a causa de COVID-19.<\/p>\n\n\n\n<p>Hasta ahora, la ocupaci\u00f3n hospitalaria en la entidad se encuentra al 21 por ciento de su ocupaci\u00f3n en camas con ventilador, y al 46 por ciento en camas sin ventilador.<\/p>\n\n\n\n<p>El registro acumulado que se tiene es de 117 mil 110 casos, de los cuales el 52% son mujeres y el 48% son hombres.<\/p>\n\n\n\n<p>El gobierno estatal ha puesto a disposici\u00f3n de la ciudadan\u00eda el\u00a0call center 4421015205 para brindar atenci\u00f3n m\u00e9dica telef\u00f3nica a quienes presenten s\u00edntomas de la enfermedad.<\/p>\n\n\n\n<figure class=\"wp-block-image size-large is-resized\"><img loading=\"lazy\" decoding=\"async\" src=\"https:\/\/a3noticias.com.mx\/sandbox\/wp-content\/uploads\/2022\/01\/71_273_35194_1891324329_90BDF99C-4625-48A6-AA33-3AD894548AE3-45x90.jpeg\" alt=\"\" class=\"wp-image-18442\" width=\"579\" height=\"1158\" srcset=\"https:\/\/a3noticias.com.mx\/sandbox\/wp-content\/uploads\/2022\/01\/71_273_35194_1891324329_90BDF99C-4625-48A6-AA33-3AD894548AE3-45x90.jpeg 45w, https:\/\/a3noticias.com.mx\/sandbox\/wp-content\/uploads\/2022\/01\/71_273_35194_1891324329_90BDF99C-4625-48A6-AA33-3AD894548AE3-150x300.jpeg 150w, https:\/\/a3noticias.com.mx\/sandbox\/wp-content\/uploads\/2022\/01\/71_273_35194_1891324329_90BDF99C-4625-48A6-AA33-3AD894548AE3.jpeg 640w\" sizes=\"auto, (max-width: 579px) 100vw, 579px\" \/><\/figure>\n","protected":false},"excerpt":{"rendered":"<p>Durante los \u00faltimos tres d\u00edas Quer\u00e9taro ha sumado tres mil 61 nuevos casos de Covid-19: 238 el s\u00e1bado, 64 el domingo y dos mil 759 ayer lunes; de los cuales &hellip; <a href=\"https:\/\/a3noticias.com.mx\/sandbox\/2022\/01\/25\/suman-3-mil-61-casos-de-covid-los-ultimos-tres-dias\/\" class=\"more-link\">Leer m\u00e1s<\/a><\/p>\n","protected":false},"author":4,"featured_media":18441,"comment_status":"open","ping_status":"open","sticky":false,"template":"","format":"standard","meta":{"_monsterinsights_skip_tracking":false,"_monsterinsights_sitenote_active":false,"_monsterinsights_sitenote_note":"","_monsterinsights_sitenote_category":0,"footnotes":""},"categories":[2],"tags":[],"class_list":["post-18440","post","type-post","status-publish","format-standard","has-post-thumbnail","hentry","category-qro","entry"],"aioseo_notices":[],"_links":{"self":[{"href":"https:\/\/a3noticias.com.mx\/sandbox\/wp-json\/wp\/v2\/posts\/18440","targetHints":{"allow":["GET"]}}],"collection":[{"href":"https:\/\/a3noticias.com.mx\/sandbox\/wp-json\/wp\/v2\/posts"}],"about":[{"href":"https:\/\/a3noticias.com.mx\/sandbox\/wp-json\/wp\/v2\/types\/post"}],"author":[{"embeddable":true,"href":"https:\/\/a3noticias.com.mx\/sandbox\/wp-json\/wp\/v2\/users\/4"}],"replies":[{"embeddable":true,"href":"https:\/\/a3noticias.com.mx\/sandbox\/wp-json\/wp\/v2\/comments?post=18440"}],"version-history":[{"count":1,"href":"https:\/\/a3noticias.com.mx\/sandbox\/wp-json\/wp\/v2\/posts\/18440\/revisions"}],"predecessor-version":[{"id":18443,"href":"https:\/\/a3noticias.com.mx\/sandbox\/wp-json\/wp\/v2\/posts\/18440\/revisions\/18443"}],"wp:featuredmedia":[{"embeddable":true,"href":"https:\/\/a3noticias.com.mx\/sandbox\/wp-json\/wp\/v2\/media\/18441"}],"wp:attachment":[{"href":"https:\/\/a3noticias.com.mx\/sandbox\/wp-json\/wp\/v2\/media?parent=18440"}],"wp:term":[{"taxonomy":"category","embeddable":true,"href":"https:\/\/a3noticias.com.mx\/sandbox\/wp-json\/wp\/v2\/categories?post=18440"},{"taxonomy":"post_tag","embeddable":true,"href":"https:\/\/a3noticias.com.mx\/sandbox\/wp-json\/wp\/v2\/tags?post=18440"}],"curies":[{"name":"wp","href":"https:\/\/api.w.org\/{rel}","templated":true}]}}