{"id":18465,"date":"2022-01-26T09:56:44","date_gmt":"2022-01-26T15:56:44","guid":{"rendered":"https:\/\/a3noticias.com.mx\/sandbox\/?p=18465"},"modified":"2022-01-26T09:56:46","modified_gmt":"2022-01-26T15:56:46","slug":"ya-inicio-investigacion-de-asesinato-de-periodista-lourdes-maldonado-amlo-pide-no-hacer-politiqueria","status":"publish","type":"post","link":"https:\/\/a3noticias.com.mx\/sandbox\/2022\/01\/26\/ya-inicio-investigacion-de-asesinato-de-periodista-lourdes-maldonado-amlo-pide-no-hacer-politiqueria\/","title":{"rendered":"Ya inici\u00f3 investigaci\u00f3n de asesinato de periodista Lourdes Maldonado, AMLO pide no hacer politiquer\u00eda."},"content":{"rendered":"\n<p>El presidente Andr\u00e9s Manuel L\u00f3pez Obrador dijo que la investigaci\u00f3n por el asesinato de la periodista Lourdes Maldonado ya se inici\u00f3 e hizo un llamado a \u00abno hacer politiquer\u00eda\u00bb de un asunto tan serio.<\/p>\n\n\n\n<blockquote class=\"wp-block-quote is-layout-flow wp-block-quote-is-layout-flow\"><p>\u00abVamos a cumplir con el compromiso de hacer una investigaci\u00f3n a fondo, ya inici\u00f3 y les vamos a ir informando peri\u00f3dicamente siempre y cuando no nos afecte en el avance de conocimiento sobre las posibles causas, los m\u00f3viles, los responsables, autores intelectuales, materiales\u00bb<\/p><\/blockquote>\n\n\n\n<p>Luego de que se le preguntara al jefe del Ejecutivo, durante la conferencia matutina,&nbsp; si segu\u00eda contemplando a Jaime Bonilla como posible integrante de su gabinete, quien ten\u00eda un conflicto laboral con la periodista asesinada, el Presidente pidi\u00f3 que se tenga confianza en su gobierno.<\/p>\n\n\n\n<blockquote class=\"wp-block-quote is-layout-flow wp-block-quote-is-layout-flow\"><p>\u201cNo hay impunidad, pero al mismo tiempo no hagamos politiquer\u00eda en un asunto serio. Todos van a ser investigados, los que considere la autoridad, no hay impunidad, y no adelantarnos, no hacer juicios sumarios, tener confianza en que no se protege a nadie (&#8230;) ya no es el tiempo de antes\u00bb\u00a0<\/p><\/blockquote>\n\n\n\n<p>El mandatario federal, se\u00f1al\u00f3 que es necesario hacer este tipo de aclaraciones pues sus opositores han aprovechado el homicidio de la periodista para \u201czopilotear\u201d y para promover \u201cla falsedad\u201d.<\/p>\n\n\n\n<p>La periodista Mar\u00eda de Lourdes Maldonado L\u00f3pez fue asesinada afuera de su domicilio alrededor de las 19:00 horas, la Fiscal\u00eda General del Estado de Baja California inform\u00f3 que se recibi\u00f3 el reporte por medio de una llamada de emergencia al 911, de que una mujer hab\u00eda recibido disparos mientras se encontraba en un autom\u00f3vil.&nbsp; La periodista viv\u00eda en la privada Chalco del fraccionamiento Villas, al sur de Tijuana. Hasta el momento se sabe que un presunto sicario le dispar\u00f3 en al menos tres ocasiones y despu\u00e9s huy\u00f3 en un taxi.&nbsp;<\/p>\n\n\n\n<p>El asesinato de Maldonado es el tercer homicidio de un periodista en lo que va de enero. Antes ocurrieron los de Margarito Mart\u00ednez y Jos\u00e9 Luis Gamboa.<\/p>\n","protected":false},"excerpt":{"rendered":"<p>El presidente Andr\u00e9s Manuel L\u00f3pez Obrador dijo que la investigaci\u00f3n por el asesinato de la periodista Lourdes Maldonado ya se inici\u00f3 e hizo un llamado a \u00abno hacer politiquer\u00eda\u00bb de &hellip; <a href=\"https:\/\/a3noticias.com.mx\/sandbox\/2022\/01\/26\/ya-inicio-investigacion-de-asesinato-de-periodista-lourdes-maldonado-amlo-pide-no-hacer-politiqueria\/\" class=\"more-link\">Leer m\u00e1s<\/a><\/p>\n","protected":false},"author":2,"featured_media":18466,"comment_status":"open","ping_status":"open","sticky":false,"template":"","format":"standard","meta":{"_monsterinsights_skip_tracking":false,"_monsterinsights_sitenote_active":false,"_monsterinsights_sitenote_note":"","_monsterinsights_sitenote_category":0,"footnotes":""},"categories":[3],"tags":[],"class_list":["post-18465","post","type-post","status-publish","format-standard","has-post-thumbnail","hentry","category-nal","entry"],"aioseo_notices":[],"_links":{"self":[{"href":"https:\/\/a3noticias.com.mx\/sandbox\/wp-json\/wp\/v2\/posts\/18465","targetHints":{"allow":["GET"]}}],"collection":[{"href":"https:\/\/a3noticias.com.mx\/sandbox\/wp-json\/wp\/v2\/posts"}],"about":[{"href":"https:\/\/a3noticias.com.mx\/sandbox\/wp-json\/wp\/v2\/types\/post"}],"author":[{"embeddable":true,"href":"https:\/\/a3noticias.com.mx\/sandbox\/wp-json\/wp\/v2\/users\/2"}],"replies":[{"embeddable":true,"href":"https:\/\/a3noticias.com.mx\/sandbox\/wp-json\/wp\/v2\/comments?post=18465"}],"version-history":[{"count":1,"href":"https:\/\/a3noticias.com.mx\/sandbox\/wp-json\/wp\/v2\/posts\/18465\/revisions"}],"predecessor-version":[{"id":18467,"href":"https:\/\/a3noticias.com.mx\/sandbox\/wp-json\/wp\/v2\/posts\/18465\/revisions\/18467"}],"wp:featuredmedia":[{"embeddable":true,"href":"https:\/\/a3noticias.com.mx\/sandbox\/wp-json\/wp\/v2\/media\/18466"}],"wp:attachment":[{"href":"https:\/\/a3noticias.com.mx\/sandbox\/wp-json\/wp\/v2\/media?parent=18465"}],"wp:term":[{"taxonomy":"category","embeddable":true,"href":"https:\/\/a3noticias.com.mx\/sandbox\/wp-json\/wp\/v2\/categories?post=18465"},{"taxonomy":"post_tag","embeddable":true,"href":"https:\/\/a3noticias.com.mx\/sandbox\/wp-json\/wp\/v2\/tags?post=18465"}],"curies":[{"name":"wp","href":"https:\/\/api.w.org\/{rel}","templated":true}]}}