{"id":18472,"date":"2022-01-26T10:44:08","date_gmt":"2022-01-26T16:44:08","guid":{"rendered":"https:\/\/a3noticias.com.mx\/sandbox\/?p=18472"},"modified":"2022-01-26T10:44:10","modified_gmt":"2022-01-26T16:44:10","slug":"instala-sectur-senaletica-incluyente-en-pueblos-magicos-de-queretaro","status":"publish","type":"post","link":"https:\/\/a3noticias.com.mx\/sandbox\/2022\/01\/26\/instala-sectur-senaletica-incluyente-en-pueblos-magicos-de-queretaro\/","title":{"rendered":"Instala SECTUR se\u00f1al\u00e9tica Incluyente en pueblos m\u00e1gicos de Quer\u00e9taro"},"content":{"rendered":"\n<p>Con la finalidad de convertir a Quer\u00e9taro en un destino tur\u00edstico accesible e incluyente para sus visitantes, la Secretar\u00eda de Turismo del estado (SECTUR), instal\u00f3 se\u00f1al\u00e9tica tur\u00edstica en sus seis pueblos m\u00e1gicos.<\/p>\n\n\n\n<p>Para este fin se destinaron poco m\u00e1s de un mill\u00f3n de pesos con el objetivo de enriquecer y favorecer la visita a los diversos atractivos tur\u00edsticos, para todas las personas.<\/p>\n\n\n\n<p>La se\u00f1al\u00e9tica fue instalada en 45 atractivos tur\u00edsticos e incluye el nombre del lugar en alto relieve, Braille y lenguaje de se\u00f1as mexicano (LSM), adem\u00e1s de un c\u00f3digo QR con informaci\u00f3n general en ingl\u00e9s y espa\u00f1ol. &nbsp;<\/p>\n\n\n\n<p>En Bernal y Ezequiel Montes, fue instalada en: La Capilla de las \u00c1nimas, el Museo del Dulce, el Museo de la M\u00e1scara, el Mercado El Baratillo, El Castillo (Delegaci\u00f3n), el Jard\u00edn Principal de Bernal, el Andador de Artesan\u00eda y Gastronom\u00eda, el Museo del Cine Nacional Rosal\u00edo Solano, la explanada de la Pe\u00f1a, y el Templo de San Sebasti\u00e1n M\u00e1rtir.<\/p>\n\n\n\n<p>En Tequisquiapan se encuentra ubicada en: el Mercado Artesanal, el Jard\u00edn Principal de la cabecera municipal, la Casa del Artesano, el llamado \u00abCentro Geogr\u00e1fico\u00bb, el Centro Cultural Gloria Michaus Fern\u00e1ndez, el Templo de Santa Mar\u00eda de la Asunci\u00f3n, y el Vi\u00f1edo Vi\u00f1a TX.<\/p>\n\n\n\n<p>En Cadereyta de Montes, se coloc\u00f3 en: el jard\u00edn principal de la cabecera municipal, la Capilla de la Santa Escala, el Templo de San Pedro y San Pablo, el Templo de la Soledad, el Jard\u00edn Bot\u00e1nico Regional de Cadereyta, el Planetario Dr. Jos\u00e9 Hern\u00e1ndez Moreno, y el Centro Cultural municipal.<\/p>\n\n\n\n<p>En San Joaqu\u00edn podr\u00e1n apreciarse en: la parroquia de la cabecera municipal, el Parque La Laguna, el Mirador de la Crucita, Campo Alegre, la Gruta de los Herrera, la Casa del Artesano, la Plaza del Huapango, el Museo Comunitario, la Presidencia Municipal y la Zona Arqueol\u00f3gica de Ranas.<\/p>\n\n\n\n<p>En Amealco de Bonfil fueron puestos en: la Plaza Principal de la cabecera municipal, el Kiosco y Obelisco, la Presidencia Municipal, la Parroquia de Santa Mar\u00eda, la Casa de las Artesan\u00edas Doni, y el Museo de la Mu\u00f1eca Artesanal.<\/p>\n\n\n\n<p>Por \u00faltimo, en Jalpan de Serra estar\u00e1n en: el jard\u00edn principal de la cabecera municipal, la Misi\u00f3n de Jalpan, el Museo de la Sierra Gorda, la Sala de Arte Popular, y la Presa de Jalpan.<\/p>\n","protected":false},"excerpt":{"rendered":"<p>Con la finalidad de convertir a Quer\u00e9taro en un destino tur\u00edstico accesible e incluyente para sus visitantes, la Secretar\u00eda de Turismo del estado (SECTUR), instal\u00f3 se\u00f1al\u00e9tica tur\u00edstica en sus seis &hellip; <a href=\"https:\/\/a3noticias.com.mx\/sandbox\/2022\/01\/26\/instala-sectur-senaletica-incluyente-en-pueblos-magicos-de-queretaro\/\" class=\"more-link\">Leer m\u00e1s<\/a><\/p>\n","protected":false},"author":4,"featured_media":18473,"comment_status":"open","ping_status":"open","sticky":false,"template":"","format":"standard","meta":{"_monsterinsights_skip_tracking":false,"_monsterinsights_sitenote_active":false,"_monsterinsights_sitenote_note":"","_monsterinsights_sitenote_category":0,"footnotes":""},"categories":[2],"tags":[],"class_list":["post-18472","post","type-post","status-publish","format-standard","has-post-thumbnail","hentry","category-qro","entry"],"aioseo_notices":[],"_links":{"self":[{"href":"https:\/\/a3noticias.com.mx\/sandbox\/wp-json\/wp\/v2\/posts\/18472","targetHints":{"allow":["GET"]}}],"collection":[{"href":"https:\/\/a3noticias.com.mx\/sandbox\/wp-json\/wp\/v2\/posts"}],"about":[{"href":"https:\/\/a3noticias.com.mx\/sandbox\/wp-json\/wp\/v2\/types\/post"}],"author":[{"embeddable":true,"href":"https:\/\/a3noticias.com.mx\/sandbox\/wp-json\/wp\/v2\/users\/4"}],"replies":[{"embeddable":true,"href":"https:\/\/a3noticias.com.mx\/sandbox\/wp-json\/wp\/v2\/comments?post=18472"}],"version-history":[{"count":1,"href":"https:\/\/a3noticias.com.mx\/sandbox\/wp-json\/wp\/v2\/posts\/18472\/revisions"}],"predecessor-version":[{"id":18474,"href":"https:\/\/a3noticias.com.mx\/sandbox\/wp-json\/wp\/v2\/posts\/18472\/revisions\/18474"}],"wp:featuredmedia":[{"embeddable":true,"href":"https:\/\/a3noticias.com.mx\/sandbox\/wp-json\/wp\/v2\/media\/18473"}],"wp:attachment":[{"href":"https:\/\/a3noticias.com.mx\/sandbox\/wp-json\/wp\/v2\/media?parent=18472"}],"wp:term":[{"taxonomy":"category","embeddable":true,"href":"https:\/\/a3noticias.com.mx\/sandbox\/wp-json\/wp\/v2\/categories?post=18472"},{"taxonomy":"post_tag","embeddable":true,"href":"https:\/\/a3noticias.com.mx\/sandbox\/wp-json\/wp\/v2\/tags?post=18472"}],"curies":[{"name":"wp","href":"https:\/\/api.w.org\/{rel}","templated":true}]}}