{"id":18478,"date":"2022-01-26T12:07:54","date_gmt":"2022-01-26T18:07:54","guid":{"rendered":"https:\/\/a3noticias.com.mx\/sandbox\/?p=18478"},"modified":"2022-01-26T12:07:57","modified_gmt":"2022-01-26T18:07:57","slug":"confirman-visita-del-presidente-en-queretaro-el-proximo-5-de-febrero","status":"publish","type":"post","link":"https:\/\/a3noticias.com.mx\/sandbox\/2022\/01\/26\/confirman-visita-del-presidente-en-queretaro-el-proximo-5-de-febrero\/","title":{"rendered":"Confirman visita del presidente en Quer\u00e9taro el pr\u00f3ximo 5 de Febrero"},"content":{"rendered":"\n<p>Luego de la incertidumbre provocada por el Covid-19 que enferm\u00f3 al presidente de la Rep\u00fablica, Andr\u00e9s Manuel L\u00f3pez Obrador, d\u00edas atr\u00e1s, este mi\u00e9rcoles se confirm\u00f3 la presencia del mandatario federal en Quer\u00e9taro el pr\u00f3ximo 5 de febrero, con motivo de la conmemoraci\u00f3n del cent\u00e9simo quinto aniversario de la promulgaci\u00f3n de la Constituci\u00f3n Pol\u00edtica de 1917.<\/p>\n\n\n\n<p>La confirmaci\u00f3n la dio el subsecretario de Desarrollo Democr\u00e1tico, Participaci\u00f3n Social y Asuntos Religiosos de la secretar\u00eda de Gobernaci\u00f3n,&nbsp;Rabindranath Salazar Solorio, quien indic\u00f3 que este es un acto de importancia nacional que se lleva a cabo de manera anual.<\/p>\n\n\n\n<blockquote class=\"wp-block-quote is-layout-flow wp-block-quote-is-layout-flow\"><p>\u201cSu presencia en Quer\u00e9taro por el 5 de febrero s\u00ed est\u00e1 confirmada. Es un acto muy importante que cada a\u00f1o se lleva a cabo (\u2026) Hasta ahorita sigue en pie, no tenemos cambio alguno. El a\u00f1o pasado por el tema de pandemia s\u00ed hubo algunas restricciones m\u00e1s fuertes\u201d apunt\u00f3.<\/p><\/blockquote>\n\n\n\n<p>Detall\u00f3 que debido a la pandemia, a\u00fan se encuentran definiendo el n\u00famero de asistentes al evento que tendr\u00e1 lugar en el Teatro de la Rep\u00fablica, ubicado en el primer cuadro de la ciudad.<\/p>\n\n\n\n<p>Sin embargo, asever\u00f3 que se tiene contemplada la presencia de los tres poderes gubernamentales, el alcalde Luir Bernardo Nava Guerrero, as\u00ed como los tres poderes del estado, con la presencia de la Suprema Corte de Justicia de la Naci\u00f3n, el Senado y la C\u00e1mara de Diputados.<\/p>\n\n\n\n<p>Cabe destacar que esta es la primera vez que se llevar\u00e1 a cabo esta ceremonia con Mauricio Kuri como gobernador del estado.<\/p>\n","protected":false},"excerpt":{"rendered":"<p>Luego de la incertidumbre provocada por el Covid-19 que enferm\u00f3 al presidente de la Rep\u00fablica, Andr\u00e9s Manuel L\u00f3pez Obrador, d\u00edas atr\u00e1s, este mi\u00e9rcoles se confirm\u00f3 la presencia del mandatario federal &hellip; <a href=\"https:\/\/a3noticias.com.mx\/sandbox\/2022\/01\/26\/confirman-visita-del-presidente-en-queretaro-el-proximo-5-de-febrero\/\" class=\"more-link\">Leer m\u00e1s<\/a><\/p>\n","protected":false},"author":4,"featured_media":18479,"comment_status":"open","ping_status":"open","sticky":false,"template":"","format":"standard","meta":{"_monsterinsights_skip_tracking":false,"_monsterinsights_sitenote_active":false,"_monsterinsights_sitenote_note":"","_monsterinsights_sitenote_category":0,"footnotes":""},"categories":[3],"tags":[],"class_list":["post-18478","post","type-post","status-publish","format-standard","has-post-thumbnail","hentry","category-nal","entry"],"aioseo_notices":[],"_links":{"self":[{"href":"https:\/\/a3noticias.com.mx\/sandbox\/wp-json\/wp\/v2\/posts\/18478","targetHints":{"allow":["GET"]}}],"collection":[{"href":"https:\/\/a3noticias.com.mx\/sandbox\/wp-json\/wp\/v2\/posts"}],"about":[{"href":"https:\/\/a3noticias.com.mx\/sandbox\/wp-json\/wp\/v2\/types\/post"}],"author":[{"embeddable":true,"href":"https:\/\/a3noticias.com.mx\/sandbox\/wp-json\/wp\/v2\/users\/4"}],"replies":[{"embeddable":true,"href":"https:\/\/a3noticias.com.mx\/sandbox\/wp-json\/wp\/v2\/comments?post=18478"}],"version-history":[{"count":1,"href":"https:\/\/a3noticias.com.mx\/sandbox\/wp-json\/wp\/v2\/posts\/18478\/revisions"}],"predecessor-version":[{"id":18480,"href":"https:\/\/a3noticias.com.mx\/sandbox\/wp-json\/wp\/v2\/posts\/18478\/revisions\/18480"}],"wp:featuredmedia":[{"embeddable":true,"href":"https:\/\/a3noticias.com.mx\/sandbox\/wp-json\/wp\/v2\/media\/18479"}],"wp:attachment":[{"href":"https:\/\/a3noticias.com.mx\/sandbox\/wp-json\/wp\/v2\/media?parent=18478"}],"wp:term":[{"taxonomy":"category","embeddable":true,"href":"https:\/\/a3noticias.com.mx\/sandbox\/wp-json\/wp\/v2\/categories?post=18478"},{"taxonomy":"post_tag","embeddable":true,"href":"https:\/\/a3noticias.com.mx\/sandbox\/wp-json\/wp\/v2\/tags?post=18478"}],"curies":[{"name":"wp","href":"https:\/\/api.w.org\/{rel}","templated":true}]}}