{"id":18483,"date":"2022-01-27T09:40:31","date_gmt":"2022-01-27T15:40:31","guid":{"rendered":"https:\/\/a3noticias.com.mx\/sandbox\/?p=18483"},"modified":"2022-01-27T09:40:35","modified_gmt":"2022-01-27T15:40:35","slug":"es-irracional-una-actuacion-de-mala-fe-y-odio-amlo-sobre-denuncias-a-lopez-gatell","status":"publish","type":"post","link":"https:\/\/a3noticias.com.mx\/sandbox\/2022\/01\/27\/es-irracional-una-actuacion-de-mala-fe-y-odio-amlo-sobre-denuncias-a-lopez-gatell\/","title":{"rendered":"\u00abEs irracional, una actuaci\u00f3n de mala fe y odio\u00bb: AMLO sobre denuncias a L\u00f3pez-Gatell."},"content":{"rendered":"\n<p>El presidente Andr\u00e9s Manuel L\u00f3pez Obrador, dijo a trav\u00e9s de la conferencia \u2018La Ma\u00f1anera\u2019 que denuncias al subsecretario de Prevenci\u00f3n y Promoci\u00f3n de la Salud, Hugo L\u00f3pez-Gatell, son \u00abirracionales\u00bb, una actuaci\u00f3n de mala fe y odio, por lo que expres\u00f3 su respaldo.<\/p>\n\n\n\n<blockquote class=\"wp-block-quote is-layout-flow wp-block-quote-is-layout-flow\"><p>\u00abCreo que no solo es una injusticia, sino es una actuaci\u00f3n de mala fe, dir\u00eda de odio, no se toma en cuenta que los servicios prestados a la sociedad por el doctor Hugo L\u00f3pez-Gatell han sido excepcionales, ha sido un profesional de primer orden, serio, es una dicha el que contemos en una circunstancia tan dif\u00edcil con un profesional con tanto conocimiento sobre la materia, es de los mejores especialistas en pandemias del mundo\u00bb<\/p><\/blockquote>\n\n\n\n<p>El Presidente reiter\u00f3 su respaldo y apoyo al subsecretario de Salub e incluso, se le otorgar\u00e1 apoyo jur\u00eddico, pol\u00edtico y moral.<\/p>\n\n\n\n<blockquote class=\"wp-block-quote is-layout-flow wp-block-quote-is-layout-flow\"><p>\u00abSe le va a dar todo el apoyo jur\u00eddico y se van a presentar todos los argumentos, pero tambi\u00e9n todo el apoyo pol\u00edtico y moral. No es nada m\u00e1s que ah\u00ed doctor Hugo, es la defensa de un compa\u00f1ero, un responsable de la pol\u00edtica contra la covid y ah\u00ed est\u00e1n los resultados\u00bb.<\/p><\/blockquote>\n\n\n\n<p>Pese a que se le record\u00f3 que las denuncias contra L\u00f3pez-Gatell fueron presentadas por familiares de personas fallecidas por covid-19, L\u00f3pez Obrador insisti\u00f3 que estas demandas fueron producto del rencor, el odio y la politiquer\u00eda.<\/p>\n\n\n\n<blockquote class=\"wp-block-quote is-layout-flow wp-block-quote-is-layout-flow\"><p>\u00abS\u00ed, s\u00ed, pero es desde luego producto del rencor, del odio y de la politiquer\u00eda, con todo respeto\u00bb<\/p><\/blockquote>\n","protected":false},"excerpt":{"rendered":"<p>El presidente Andr\u00e9s Manuel L\u00f3pez Obrador, dijo a trav\u00e9s de la conferencia \u2018La Ma\u00f1anera\u2019 que denuncias al subsecretario de Prevenci\u00f3n y Promoci\u00f3n de la Salud, Hugo L\u00f3pez-Gatell, son \u00abirracionales\u00bb, una &hellip; <a href=\"https:\/\/a3noticias.com.mx\/sandbox\/2022\/01\/27\/es-irracional-una-actuacion-de-mala-fe-y-odio-amlo-sobre-denuncias-a-lopez-gatell\/\" class=\"more-link\">Leer m\u00e1s<\/a><\/p>\n","protected":false},"author":2,"featured_media":18484,"comment_status":"open","ping_status":"open","sticky":false,"template":"","format":"standard","meta":{"_monsterinsights_skip_tracking":false,"_monsterinsights_sitenote_active":false,"_monsterinsights_sitenote_note":"","_monsterinsights_sitenote_category":0,"footnotes":""},"categories":[3],"tags":[],"class_list":["post-18483","post","type-post","status-publish","format-standard","has-post-thumbnail","hentry","category-nal","entry"],"aioseo_notices":[],"_links":{"self":[{"href":"https:\/\/a3noticias.com.mx\/sandbox\/wp-json\/wp\/v2\/posts\/18483","targetHints":{"allow":["GET"]}}],"collection":[{"href":"https:\/\/a3noticias.com.mx\/sandbox\/wp-json\/wp\/v2\/posts"}],"about":[{"href":"https:\/\/a3noticias.com.mx\/sandbox\/wp-json\/wp\/v2\/types\/post"}],"author":[{"embeddable":true,"href":"https:\/\/a3noticias.com.mx\/sandbox\/wp-json\/wp\/v2\/users\/2"}],"replies":[{"embeddable":true,"href":"https:\/\/a3noticias.com.mx\/sandbox\/wp-json\/wp\/v2\/comments?post=18483"}],"version-history":[{"count":1,"href":"https:\/\/a3noticias.com.mx\/sandbox\/wp-json\/wp\/v2\/posts\/18483\/revisions"}],"predecessor-version":[{"id":18485,"href":"https:\/\/a3noticias.com.mx\/sandbox\/wp-json\/wp\/v2\/posts\/18483\/revisions\/18485"}],"wp:featuredmedia":[{"embeddable":true,"href":"https:\/\/a3noticias.com.mx\/sandbox\/wp-json\/wp\/v2\/media\/18484"}],"wp:attachment":[{"href":"https:\/\/a3noticias.com.mx\/sandbox\/wp-json\/wp\/v2\/media?parent=18483"}],"wp:term":[{"taxonomy":"category","embeddable":true,"href":"https:\/\/a3noticias.com.mx\/sandbox\/wp-json\/wp\/v2\/categories?post=18483"},{"taxonomy":"post_tag","embeddable":true,"href":"https:\/\/a3noticias.com.mx\/sandbox\/wp-json\/wp\/v2\/tags?post=18483"}],"curies":[{"name":"wp","href":"https:\/\/api.w.org\/{rel}","templated":true}]}}