{"id":18486,"date":"2022-01-27T11:38:21","date_gmt":"2022-01-27T17:38:21","guid":{"rendered":"https:\/\/a3noticias.com.mx\/sandbox\/?p=18486"},"modified":"2022-01-27T11:38:23","modified_gmt":"2022-01-27T17:38:23","slug":"instituto-de-artes-y-oficios-anuncia-segunda-exposicion-de-talleres","status":"publish","type":"post","link":"https:\/\/a3noticias.com.mx\/sandbox\/2022\/01\/27\/instituto-de-artes-y-oficios-anuncia-segunda-exposicion-de-talleres\/","title":{"rendered":"Instituto de Artes y Oficios anuncia segunda exposici\u00f3n de talleres."},"content":{"rendered":"\n<p>El Instituto Municipal de Artes y Oficios llevar\u00e1 a cabo la segunda exposici\u00f3n en la que mostrar\u00e1n sus diferentes creaciones de los distintos talleres con el objetivo de darlos a conocer a la ciudadan\u00eda.&nbsp;<\/p>\n\n\n\n<blockquote class=\"wp-block-quote is-layout-flow wp-block-quote-is-layout-flow\"><p>\u201cEl objetivo es dar a conocer los talleres que estar\u00e1 impartiendo el Instituto de Artes y Oficios con la finalidad de que los ciudadanos los conozcan y puedan inscribirse\u201d, indic\u00f3 la directora del instituto, Daesy Alvorada Hinojosa.\u00a0<\/p><\/blockquote>\n\n\n\n<p>Los talleres que expondr\u00e1n durante esta exhibici\u00f3n que se llevar\u00e1 a cabo este viernes 28 de enero ser\u00e1n chocolater\u00eda, huertos urbanos, bolsa artesanal, carpinter\u00eda, masajes corporales y faciales, reposter\u00eda, estilismo, gastronom\u00eda y dibujo.<\/p>\n\n\n\n<p>El periodo de inscripciones, para quienes est\u00e9n interesados en ingresar a alg\u00fan taller es del 17 al 31 de enero, para comenzar clases el 1 de febrero.<\/p>\n","protected":false},"excerpt":{"rendered":"<p>El Instituto Municipal de Artes y Oficios llevar\u00e1 a cabo la segunda exposici\u00f3n en la que mostrar\u00e1n sus diferentes creaciones de los distintos talleres con el objetivo de darlos a &hellip; <a href=\"https:\/\/a3noticias.com.mx\/sandbox\/2022\/01\/27\/instituto-de-artes-y-oficios-anuncia-segunda-exposicion-de-talleres\/\" class=\"more-link\">Leer m\u00e1s<\/a><\/p>\n","protected":false},"author":2,"featured_media":18487,"comment_status":"open","ping_status":"open","sticky":false,"template":"","format":"standard","meta":{"_monsterinsights_skip_tracking":false,"_monsterinsights_sitenote_active":false,"_monsterinsights_sitenote_note":"","_monsterinsights_sitenote_category":0,"footnotes":""},"categories":[2],"tags":[],"class_list":["post-18486","post","type-post","status-publish","format-standard","has-post-thumbnail","hentry","category-qro","entry"],"aioseo_notices":[],"_links":{"self":[{"href":"https:\/\/a3noticias.com.mx\/sandbox\/wp-json\/wp\/v2\/posts\/18486","targetHints":{"allow":["GET"]}}],"collection":[{"href":"https:\/\/a3noticias.com.mx\/sandbox\/wp-json\/wp\/v2\/posts"}],"about":[{"href":"https:\/\/a3noticias.com.mx\/sandbox\/wp-json\/wp\/v2\/types\/post"}],"author":[{"embeddable":true,"href":"https:\/\/a3noticias.com.mx\/sandbox\/wp-json\/wp\/v2\/users\/2"}],"replies":[{"embeddable":true,"href":"https:\/\/a3noticias.com.mx\/sandbox\/wp-json\/wp\/v2\/comments?post=18486"}],"version-history":[{"count":1,"href":"https:\/\/a3noticias.com.mx\/sandbox\/wp-json\/wp\/v2\/posts\/18486\/revisions"}],"predecessor-version":[{"id":18488,"href":"https:\/\/a3noticias.com.mx\/sandbox\/wp-json\/wp\/v2\/posts\/18486\/revisions\/18488"}],"wp:featuredmedia":[{"embeddable":true,"href":"https:\/\/a3noticias.com.mx\/sandbox\/wp-json\/wp\/v2\/media\/18487"}],"wp:attachment":[{"href":"https:\/\/a3noticias.com.mx\/sandbox\/wp-json\/wp\/v2\/media?parent=18486"}],"wp:term":[{"taxonomy":"category","embeddable":true,"href":"https:\/\/a3noticias.com.mx\/sandbox\/wp-json\/wp\/v2\/categories?post=18486"},{"taxonomy":"post_tag","embeddable":true,"href":"https:\/\/a3noticias.com.mx\/sandbox\/wp-json\/wp\/v2\/tags?post=18486"}],"curies":[{"name":"wp","href":"https:\/\/api.w.org\/{rel}","templated":true}]}}