{"id":18489,"date":"2022-01-27T12:53:22","date_gmt":"2022-01-27T18:53:22","guid":{"rendered":"https:\/\/a3noticias.com.mx\/sandbox\/?p=18489"},"modified":"2022-01-27T12:53:24","modified_gmt":"2022-01-27T18:53:24","slug":"preinscripcion-para-educacion-basica-sera-en-linea","status":"publish","type":"post","link":"https:\/\/a3noticias.com.mx\/sandbox\/2022\/01\/27\/preinscripcion-para-educacion-basica-sera-en-linea\/","title":{"rendered":"Preinscripci\u00f3n para educaci\u00f3n b\u00e1sica ser\u00e1 en l\u00ednea."},"content":{"rendered":"\n<p>La preinscripci\u00f3n para alumnos que ingresan a primero de preescolar, primaria y secundaria en escuelas p\u00fablicas en el ciclo escolar 2022-2023 se llevar\u00e1 a cabo del 1 al 16 de febrero, as\u00ed lo inform\u00f3 el Coordinador General de la Unidad de Servicios para la Educaci\u00f3n B\u00e1sica del Estado de Quer\u00e9taro, Ra\u00fal Iturralde Olvera.&nbsp;<\/p>\n\n\n\n<p>Asimismo se\u00f1al\u00f3 que dicho tr\u00e1mite se realizar\u00e1 en l\u00ednea a trav\u00e9s de la p\u00e1gina <a href=\"http:\/\/www.usebeq.edu.mx\/said\">www.usebeq.edu.mx\/said<\/a> , pues debido a la pandemia de Covid-19 no habr\u00e1 m\u00f3dulos de atenci\u00f3n. En el caso de los lugares pertenecientes a la Sierra Gorda de Quer\u00e9taro y el semidesierto que no tengan cobertura de internet, los padres de familia podr\u00e1n asistir de manera ordenada en horarios establecidos a la escuela o a las oficinas regionales de la USEBEQ en Jalpan y Cadereyta.&nbsp;<\/p>\n\n\n\n<p>Para preescolar, indic\u00f3 que el ingreso es para segundo y tercer grado para ni\u00f1os de 4 y 5 a\u00f1os cumplidos al 31 de diciembre del 2022. Los criterios de asignaci\u00f3n son: tener un hermano o hermana en la escuela de primera opci\u00f3n, as\u00ed como las barreras de aprendizaje.&nbsp;<\/p>\n\n\n\n<p>Detall\u00f3 que para primaria y secundaria habr\u00e1 un preasignaci\u00f3n con base en la escuela de egreso y si no se acepta se podr\u00e1 seleccionar una segunda o tercera opci\u00f3n que est\u00e9 disponible.&nbsp;<\/p>\n\n\n\n<p>En estos casos, los criterios para la distribuci\u00f3n de los espacios son: lugares disponibles, si el aspirante tiene barreras para el aprendizaje y si tiene hermanos. De igual forma confirm\u00f3 que este a\u00f1o no habr\u00e1 examen para las escuelas secundarias de alta demanda del estado. Los resultados se publicar\u00e1n del 23 al 27 de mayo y en estos mismos d\u00edas se formalizar\u00e1 la inscripci\u00f3n y la consulta de grupos.<\/p>\n\n\n\n<p>La atenci\u00f3n a los padres de familia o tutores se brindar\u00e1 a trav\u00e9s de la mesa de ayuda www.Usebeq.Edu.mx\/Said; al WhatsApp 44 27 57 33 77 o al Call center 44 22 38 60 88.&nbsp;<\/p>\n\n\n\n<p>En total se proyectan 90 mil registros, de los cuales, 26 mil se esperan para nivel preescolar, 38 mil para primaria y 35 mil para nivel secundaria. Adem\u00e1s, Iturralde Olvera anunci\u00f3 que en agosto se tiene previsto abrir un periodo extempor\u00e1neo en Quer\u00e9taro para el registro de aproximadamente dos mil aspirantes for\u00e1neos y de escuelas particulares.<\/p>\n","protected":false},"excerpt":{"rendered":"<p>La preinscripci\u00f3n para alumnos que ingresan a primero de preescolar, primaria y secundaria en escuelas p\u00fablicas en el ciclo escolar 2022-2023 se llevar\u00e1 a cabo del 1 al 16 de &hellip; <a href=\"https:\/\/a3noticias.com.mx\/sandbox\/2022\/01\/27\/preinscripcion-para-educacion-basica-sera-en-linea\/\" class=\"more-link\">Leer m\u00e1s<\/a><\/p>\n","protected":false},"author":2,"featured_media":18490,"comment_status":"open","ping_status":"open","sticky":false,"template":"","format":"standard","meta":{"_monsterinsights_skip_tracking":false,"_monsterinsights_sitenote_active":false,"_monsterinsights_sitenote_note":"","_monsterinsights_sitenote_category":0,"footnotes":""},"categories":[2],"tags":[],"class_list":["post-18489","post","type-post","status-publish","format-standard","has-post-thumbnail","hentry","category-qro","entry"],"aioseo_notices":[],"_links":{"self":[{"href":"https:\/\/a3noticias.com.mx\/sandbox\/wp-json\/wp\/v2\/posts\/18489","targetHints":{"allow":["GET"]}}],"collection":[{"href":"https:\/\/a3noticias.com.mx\/sandbox\/wp-json\/wp\/v2\/posts"}],"about":[{"href":"https:\/\/a3noticias.com.mx\/sandbox\/wp-json\/wp\/v2\/types\/post"}],"author":[{"embeddable":true,"href":"https:\/\/a3noticias.com.mx\/sandbox\/wp-json\/wp\/v2\/users\/2"}],"replies":[{"embeddable":true,"href":"https:\/\/a3noticias.com.mx\/sandbox\/wp-json\/wp\/v2\/comments?post=18489"}],"version-history":[{"count":1,"href":"https:\/\/a3noticias.com.mx\/sandbox\/wp-json\/wp\/v2\/posts\/18489\/revisions"}],"predecessor-version":[{"id":18491,"href":"https:\/\/a3noticias.com.mx\/sandbox\/wp-json\/wp\/v2\/posts\/18489\/revisions\/18491"}],"wp:featuredmedia":[{"embeddable":true,"href":"https:\/\/a3noticias.com.mx\/sandbox\/wp-json\/wp\/v2\/media\/18490"}],"wp:attachment":[{"href":"https:\/\/a3noticias.com.mx\/sandbox\/wp-json\/wp\/v2\/media?parent=18489"}],"wp:term":[{"taxonomy":"category","embeddable":true,"href":"https:\/\/a3noticias.com.mx\/sandbox\/wp-json\/wp\/v2\/categories?post=18489"},{"taxonomy":"post_tag","embeddable":true,"href":"https:\/\/a3noticias.com.mx\/sandbox\/wp-json\/wp\/v2\/tags?post=18489"}],"curies":[{"name":"wp","href":"https:\/\/api.w.org\/{rel}","templated":true}]}}