{"id":18492,"date":"2022-01-27T13:45:00","date_gmt":"2022-01-27T19:45:00","guid":{"rendered":"https:\/\/a3noticias.com.mx\/sandbox\/?p=18492"},"modified":"2022-01-27T14:37:08","modified_gmt":"2022-01-27T20:37:08","slug":"ausentismo-laboral-seguira-en-aumento-si-no-se-implementan-medidas-mas-restrictivas-canaco","status":"publish","type":"post","link":"https:\/\/a3noticias.com.mx\/sandbox\/2022\/01\/27\/ausentismo-laboral-seguira-en-aumento-si-no-se-implementan-medidas-mas-restrictivas-canaco\/","title":{"rendered":"Ausentismo laboral seguir\u00e1 en aumento si no se implementan medidas m\u00e1s restrictivas: Canaco."},"content":{"rendered":"\n<p>El presidente de la C\u00e1mara Nacional de Comercio (Canaco) en Quer\u00e9taro, Fabi\u00e1n Camacho Arredondo, preve que si no se implementan medidas m\u00e1s restrictivas, con relaci\u00f3n a la pandemia de Covid-19, en el sector comercial, el ausentismo laboral podr\u00eda llegar al 35 por ciento.&nbsp;<\/p>\n\n\n\n<blockquote class=\"wp-block-quote is-layout-flow wp-block-quote-is-layout-flow\"><p>\u201cSi no se toman medidas el ausentismo laboral pudiera estar llegando en pr\u00f3ximos d\u00edas hasta un 30 o 35 por ciento, lo cual podr\u00eda tener implicaciones fuertes dentro de la productividad de los negocios\u201d.&nbsp;<\/p><\/blockquote>\n\n\n\n<p>Se\u00f1al\u00f3 que esta situaci\u00f3n representar\u00eda un retroceso en el ritmo de crecimiento, pues podr\u00eda implicar el cierre temporal de algunos negocios, pues de acuerdo con los datos que Camacho Arredondo comparti\u00f3, por ahora el ausentismo ha crecido en un 5 por ciento en una semana, llegando as\u00ed a un 20 por ciento.&nbsp;<\/p>\n\n\n\n<p>El titular de Canaco hizo un llamado a los empresarios a tomar medidas dentro de sus establecimientos, para as\u00ed contener los contagios entre sus empleados.&nbsp;<\/p>\n","protected":false},"excerpt":{"rendered":"<p>El presidente de la C\u00e1mara Nacional de Comercio (Canaco) en Quer\u00e9taro, Fabi\u00e1n Camacho Arredondo, preve que si no se implementan medidas m\u00e1s restrictivas, con relaci\u00f3n a la pandemia de Covid-19, &hellip; <a href=\"https:\/\/a3noticias.com.mx\/sandbox\/2022\/01\/27\/ausentismo-laboral-seguira-en-aumento-si-no-se-implementan-medidas-mas-restrictivas-canaco\/\" class=\"more-link\">Leer m\u00e1s<\/a><\/p>\n","protected":false},"author":2,"featured_media":18493,"comment_status":"open","ping_status":"open","sticky":false,"template":"","format":"standard","meta":{"_monsterinsights_skip_tracking":false,"_monsterinsights_sitenote_active":false,"_monsterinsights_sitenote_note":"","_monsterinsights_sitenote_category":0,"footnotes":""},"categories":[2],"tags":[],"class_list":["post-18492","post","type-post","status-publish","format-standard","has-post-thumbnail","hentry","category-qro","entry"],"aioseo_notices":[],"_links":{"self":[{"href":"https:\/\/a3noticias.com.mx\/sandbox\/wp-json\/wp\/v2\/posts\/18492","targetHints":{"allow":["GET"]}}],"collection":[{"href":"https:\/\/a3noticias.com.mx\/sandbox\/wp-json\/wp\/v2\/posts"}],"about":[{"href":"https:\/\/a3noticias.com.mx\/sandbox\/wp-json\/wp\/v2\/types\/post"}],"author":[{"embeddable":true,"href":"https:\/\/a3noticias.com.mx\/sandbox\/wp-json\/wp\/v2\/users\/2"}],"replies":[{"embeddable":true,"href":"https:\/\/a3noticias.com.mx\/sandbox\/wp-json\/wp\/v2\/comments?post=18492"}],"version-history":[{"count":2,"href":"https:\/\/a3noticias.com.mx\/sandbox\/wp-json\/wp\/v2\/posts\/18492\/revisions"}],"predecessor-version":[{"id":18499,"href":"https:\/\/a3noticias.com.mx\/sandbox\/wp-json\/wp\/v2\/posts\/18492\/revisions\/18499"}],"wp:featuredmedia":[{"embeddable":true,"href":"https:\/\/a3noticias.com.mx\/sandbox\/wp-json\/wp\/v2\/media\/18493"}],"wp:attachment":[{"href":"https:\/\/a3noticias.com.mx\/sandbox\/wp-json\/wp\/v2\/media?parent=18492"}],"wp:term":[{"taxonomy":"category","embeddable":true,"href":"https:\/\/a3noticias.com.mx\/sandbox\/wp-json\/wp\/v2\/categories?post=18492"},{"taxonomy":"post_tag","embeddable":true,"href":"https:\/\/a3noticias.com.mx\/sandbox\/wp-json\/wp\/v2\/tags?post=18492"}],"curies":[{"name":"wp","href":"https:\/\/api.w.org\/{rel}","templated":true}]}}