{"id":18496,"date":"2022-01-27T14:32:56","date_gmt":"2022-01-27T20:32:56","guid":{"rendered":"https:\/\/a3noticias.com.mx\/sandbox\/?p=18496"},"modified":"2022-01-27T14:32:59","modified_gmt":"2022-01-27T20:32:59","slug":"kuri-se-mantiene-asintomatico","status":"publish","type":"post","link":"https:\/\/a3noticias.com.mx\/sandbox\/2022\/01\/27\/kuri-se-mantiene-asintomatico\/","title":{"rendered":"Kuri se mantiene asintom\u00e1tico"},"content":{"rendered":"\n<p>Luego de que el Gobernador del estado, Mauricio Kuri Gonz\u00e1lez, anunciara que dio positivo a Covid-19, se ha dado seguimiento epidemiol\u00f3gico a su salud y a la de su familia, as\u00ed como de las personas con quien tuvo contacto en d\u00edas anteriores, inform\u00f3 el jefe del Reglamento Sanitario Internacional de la secretar\u00eda de Salud, Jos\u00e9 Hern\u00e1ndez Puga.<\/p>\n\n\n\n<p>Hern\u00e1ndez Puga refiri\u00f3 que Kuri Gonz\u00e1lez hasta el momento se encuentra asintom\u00e1tico y que los contactos con quien convivi\u00f3 d\u00edas antes tampoco han presentado s\u00edntomas de la enfermedad, por lo que hasta ahora no ha sido necesario realizarles pruebas de detecci\u00f3n de Covid.<\/p>\n\n\n\n<blockquote class=\"wp-block-quote is-layout-flow wp-block-quote-is-layout-flow\"><p>\u201cLas personas que pudieron estar en contacto con \u00e9l ya se hizo el seguimiento epidemiol\u00f3gico especifico para brindar las atenciones necesarias, y hasta el momento no ha sido necesario la toma de muestra\u201d.<\/p><\/blockquote>\n\n\n\n<p>Asimismo, se\u00f1al\u00f3 que el gobernador y su familia se encuentran bajo aislamiento en su domicilio y que ninguno de sus miembros ha requerido atenci\u00f3n m\u00e9dica adicional a la cotidiana.<\/p>\n\n\n\n<figure class=\"wp-block-embed-twitter wp-block-embed is-type-rich is-provider-twitter\"><div class=\"wp-block-embed__wrapper\">\n<blockquote class=\"twitter-tweet\" data-width=\"550\" data-dnt=\"true\"><p lang=\"es\" dir=\"ltr\">Informo que, hoy, me realic\u00e9 por rutina una prueba de ant\u00edgenos y una PCR. <br><br>La primera result\u00f3 negativa, pero la PCR lamentablemente fue positiva. Hasta el momento no presento s\u00edntomas. <br><br>Siguiendo los protocolos m\u00e9dicos, me aislar\u00e9, atendiendo los asuntos a mi cargo desde casa.<\/p>&mdash; Mauricio Kuri (@makugo) <a href=\"https:\/\/twitter.com\/makugo\/status\/1486481264878264328?ref_src=twsrc%5Etfw\">January 26, 2022<\/a><\/blockquote><script async src=\"https:\/\/platform.twitter.com\/widgets.js\" charset=\"utf-8\"><\/script>\n<\/div><\/figure>\n","protected":false},"excerpt":{"rendered":"<p>Luego de que el Gobernador del estado, Mauricio Kuri Gonz\u00e1lez, anunciara que dio positivo a Covid-19, se ha dado seguimiento epidemiol\u00f3gico a su salud y a la de su familia, &hellip; <a href=\"https:\/\/a3noticias.com.mx\/sandbox\/2022\/01\/27\/kuri-se-mantiene-asintomatico\/\" class=\"more-link\">Leer m\u00e1s<\/a><\/p>\n","protected":false},"author":4,"featured_media":18497,"comment_status":"open","ping_status":"open","sticky":false,"template":"","format":"standard","meta":{"_monsterinsights_skip_tracking":false,"_monsterinsights_sitenote_active":false,"_monsterinsights_sitenote_note":"","_monsterinsights_sitenote_category":0,"footnotes":""},"categories":[2],"tags":[],"class_list":["post-18496","post","type-post","status-publish","format-standard","has-post-thumbnail","hentry","category-qro","entry"],"aioseo_notices":[],"_links":{"self":[{"href":"https:\/\/a3noticias.com.mx\/sandbox\/wp-json\/wp\/v2\/posts\/18496","targetHints":{"allow":["GET"]}}],"collection":[{"href":"https:\/\/a3noticias.com.mx\/sandbox\/wp-json\/wp\/v2\/posts"}],"about":[{"href":"https:\/\/a3noticias.com.mx\/sandbox\/wp-json\/wp\/v2\/types\/post"}],"author":[{"embeddable":true,"href":"https:\/\/a3noticias.com.mx\/sandbox\/wp-json\/wp\/v2\/users\/4"}],"replies":[{"embeddable":true,"href":"https:\/\/a3noticias.com.mx\/sandbox\/wp-json\/wp\/v2\/comments?post=18496"}],"version-history":[{"count":1,"href":"https:\/\/a3noticias.com.mx\/sandbox\/wp-json\/wp\/v2\/posts\/18496\/revisions"}],"predecessor-version":[{"id":18498,"href":"https:\/\/a3noticias.com.mx\/sandbox\/wp-json\/wp\/v2\/posts\/18496\/revisions\/18498"}],"wp:featuredmedia":[{"embeddable":true,"href":"https:\/\/a3noticias.com.mx\/sandbox\/wp-json\/wp\/v2\/media\/18497"}],"wp:attachment":[{"href":"https:\/\/a3noticias.com.mx\/sandbox\/wp-json\/wp\/v2\/media?parent=18496"}],"wp:term":[{"taxonomy":"category","embeddable":true,"href":"https:\/\/a3noticias.com.mx\/sandbox\/wp-json\/wp\/v2\/categories?post=18496"},{"taxonomy":"post_tag","embeddable":true,"href":"https:\/\/a3noticias.com.mx\/sandbox\/wp-json\/wp\/v2\/tags?post=18496"}],"curies":[{"name":"wp","href":"https:\/\/api.w.org\/{rel}","templated":true}]}}