{"id":18500,"date":"2022-01-27T14:43:47","date_gmt":"2022-01-27T20:43:47","guid":{"rendered":"https:\/\/a3noticias.com.mx\/sandbox\/?p=18500"},"modified":"2022-01-27T14:43:49","modified_gmt":"2022-01-27T20:43:49","slug":"patrones-recortan-salarios-de-sus-empleados-con-incapacidad","status":"publish","type":"post","link":"https:\/\/a3noticias.com.mx\/sandbox\/2022\/01\/27\/patrones-recortan-salarios-de-sus-empleados-con-incapacidad\/","title":{"rendered":"Patrones recortan salarios de sus empleados con incapacidad."},"content":{"rendered":"\n<p>De acuerdo con una nota publicada el d\u00eda de hoy en el Diario de Quer\u00e9taro,&nbsp; trabajadores con Covid-19, que cuentan con incapacidad, sufren fuertes recortes a sus salarios por parte de sus patrones, lo que impacta representativamente sus bolsillos.<\/p>\n\n\n\n<p>Es decir que, por ejemplo, un trabajador de la industria en el estado de Quer\u00e9taro, quien recibe un sueldo semanal de mil 700 pesos, y al que al presentar su incapacidad en su centro de trabajo, se le inform\u00f3 que solamente recibir\u00eda un pago semanal de 200 pesos, debido a su ausencia, se ve fuertemente afectado pues tan solo, de acuerdo con la Profeco el costo de la canasta b\u00e1sica es superior a los 900 pesos para la zona centro del pa\u00eds, a esto habr\u00eda que agregar tratamientos y medicinas que por la enfermedad tendr\u00eda que consumir.&nbsp;<\/p>\n\n\n\n<p>La situaci\u00f3n se agrava si se trata de la \u00fanica fuente de ingreso de una familia de al menos dos integrantes, adem\u00e1s del hecho ya de por s\u00ed dif\u00edcil de transitar por una enfermedad incapacitante, en la mayor\u00eda de los casos, como cuando una persona se contagia de Covid-19.<\/p>\n","protected":false},"excerpt":{"rendered":"<p>De acuerdo con una nota publicada el d\u00eda de hoy en el Diario de Quer\u00e9taro,&nbsp; trabajadores con Covid-19, que cuentan con incapacidad, sufren fuertes recortes a sus salarios por parte &hellip; <a href=\"https:\/\/a3noticias.com.mx\/sandbox\/2022\/01\/27\/patrones-recortan-salarios-de-sus-empleados-con-incapacidad\/\" class=\"more-link\">Leer m\u00e1s<\/a><\/p>\n","protected":false},"author":2,"featured_media":18502,"comment_status":"open","ping_status":"open","sticky":false,"template":"","format":"standard","meta":{"_monsterinsights_skip_tracking":false,"_monsterinsights_sitenote_active":false,"_monsterinsights_sitenote_note":"","_monsterinsights_sitenote_category":0,"footnotes":""},"categories":[2],"tags":[],"class_list":["post-18500","post","type-post","status-publish","format-standard","has-post-thumbnail","hentry","category-qro","entry"],"aioseo_notices":[],"_links":{"self":[{"href":"https:\/\/a3noticias.com.mx\/sandbox\/wp-json\/wp\/v2\/posts\/18500","targetHints":{"allow":["GET"]}}],"collection":[{"href":"https:\/\/a3noticias.com.mx\/sandbox\/wp-json\/wp\/v2\/posts"}],"about":[{"href":"https:\/\/a3noticias.com.mx\/sandbox\/wp-json\/wp\/v2\/types\/post"}],"author":[{"embeddable":true,"href":"https:\/\/a3noticias.com.mx\/sandbox\/wp-json\/wp\/v2\/users\/2"}],"replies":[{"embeddable":true,"href":"https:\/\/a3noticias.com.mx\/sandbox\/wp-json\/wp\/v2\/comments?post=18500"}],"version-history":[{"count":1,"href":"https:\/\/a3noticias.com.mx\/sandbox\/wp-json\/wp\/v2\/posts\/18500\/revisions"}],"predecessor-version":[{"id":18503,"href":"https:\/\/a3noticias.com.mx\/sandbox\/wp-json\/wp\/v2\/posts\/18500\/revisions\/18503"}],"wp:featuredmedia":[{"embeddable":true,"href":"https:\/\/a3noticias.com.mx\/sandbox\/wp-json\/wp\/v2\/media\/18502"}],"wp:attachment":[{"href":"https:\/\/a3noticias.com.mx\/sandbox\/wp-json\/wp\/v2\/media?parent=18500"}],"wp:term":[{"taxonomy":"category","embeddable":true,"href":"https:\/\/a3noticias.com.mx\/sandbox\/wp-json\/wp\/v2\/categories?post=18500"},{"taxonomy":"post_tag","embeddable":true,"href":"https:\/\/a3noticias.com.mx\/sandbox\/wp-json\/wp\/v2\/tags?post=18500"}],"curies":[{"name":"wp","href":"https:\/\/api.w.org\/{rel}","templated":true}]}}