{"id":18504,"date":"2022-01-28T09:49:07","date_gmt":"2022-01-28T15:49:07","guid":{"rendered":"https:\/\/a3noticias.com.mx\/sandbox\/?p=18504"},"modified":"2022-01-28T09:53:34","modified_gmt":"2022-01-28T15:53:34","slug":"fallece-diego-verdaguer-a-causa-de-covid_19-a-los-70-anos","status":"publish","type":"post","link":"https:\/\/a3noticias.com.mx\/sandbox\/2022\/01\/28\/fallece-diego-verdaguer-a-causa-de-covid_19-a-los-70-anos\/","title":{"rendered":"Fallece Diego Verdaguer a causa de Covid-19, a los 70 a\u00f1os"},"content":{"rendered":"\n<p>El cantante Diego verdeguer falleci\u00f3 la noche de este jueves 27 de enero, en la Ciudad de Los \u00c1ngeles California a los 70 a\u00f1os de edad, inform\u00f3 la familia a trav\u00e9s de un comunicado en las redes sociales del argentino.<\/p>\n\n\n\n<blockquote class=\"wp-block-quote is-layout-flow wp-block-quote-is-layout-flow\"><p>\u201cCon absoluta tristeza lamentamos informar a todo su p\u00fablico y amigos, que nuestro querido Diego el d\u00eda de hoy dej\u00f3 su hermoso cuerpo, para continuar su camino y creatividad en otra forma de vida eterna, toda su familia estamos sumergidos en este dolor, por lo que apreciamos su comprensi\u00f3n en estos momentos tan dif\u00edciles\u201d, se lee en el comunicado.<\/p><\/blockquote>\n\n\n\n<div class=\"wp-block-image\"><figure class=\"aligncenter size-large is-resized\"><img loading=\"lazy\" decoding=\"async\" src=\"https:\/\/a3noticias.com.mx\/sandbox\/wp-content\/uploads\/2022\/01\/Captura-de-pantalla-2022-01-28-a-las-9.19.10-90x90.png\" alt=\"\" class=\"wp-image-18505\" width=\"565\" height=\"565\" srcset=\"https:\/\/a3noticias.com.mx\/sandbox\/wp-content\/uploads\/2022\/01\/Captura-de-pantalla-2022-01-28-a-las-9.19.10-90x90.png 90w, https:\/\/a3noticias.com.mx\/sandbox\/wp-content\/uploads\/2022\/01\/Captura-de-pantalla-2022-01-28-a-las-9.19.10-300x300.png 300w, https:\/\/a3noticias.com.mx\/sandbox\/wp-content\/uploads\/2022\/01\/Captura-de-pantalla-2022-01-28-a-las-9.19.10-150x150.png 150w, https:\/\/a3noticias.com.mx\/sandbox\/wp-content\/uploads\/2022\/01\/Captura-de-pantalla-2022-01-28-a-las-9.19.10-768x767.png 768w, https:\/\/a3noticias.com.mx\/sandbox\/wp-content\/uploads\/2022\/01\/Captura-de-pantalla-2022-01-28-a-las-9.19.10.png 1228w\" sizes=\"auto, (max-width: 565px) 100vw, 565px\" \/><\/figure><\/div>\n\n\n\n<p>Se dice que fue a causa de complicaciones derivadas del Covid-19, pues en Diciembre hab\u00eda sido detectado con la enfermedad e incluso hospitalizado.&nbsp;<\/p>\n\n\n\n<p>Ante el dolor de su partida, su familia pidi\u00f3 comprensi\u00f3n por parte de los medios de comunicaci\u00f3n y los fans del cantante, para despedir en privado a Verdaguer.<\/p>\n\n\n\n<blockquote class=\"wp-block-quote is-layout-flow wp-block-quote-is-layout-flow\"><p>\u00abPor el profundo dolor que ha causado su partida, su familia ha decidido despedirlo en privado y pasar este dif\u00edcil momento en tranquilidad y recogimiento. Posteriormente organizar\u00e1n un acto p\u00fablico\u00bb, inform\u00f3 la&nbsp;compa\u00f1\u00eda discogr\u00e1fica Diam Music&nbsp;en un comunicado.<\/p><\/blockquote>\n\n\n\n<p>Mientras tanto, se inform\u00f3 que sus restos ser\u00e1n cremados en el mismo lugar donde falleci\u00f3, la Ciudad de Los \u00c1ngeles, en Estados Unidos.<\/p>\n\n\n\n<p>Por su parte, su esposa, la tambi\u00e9n conocida cantante Amanda Miguel, le dedic\u00f3 un emotivo mensaje, \u201csiempre te amar\u00e9\u201d, escribi\u00f3.<\/p>\n\n\n\n<div class=\"wp-block-image\"><figure class=\"aligncenter size-large is-resized\"><img loading=\"lazy\" decoding=\"async\" src=\"https:\/\/a3noticias.com.mx\/sandbox\/wp-content\/uploads\/2022\/01\/Captura-de-pantalla-2022-01-28-a-las-9.47.21-214x90.png\" alt=\"\" class=\"wp-image-18506\" width=\"566\" height=\"238\" srcset=\"https:\/\/a3noticias.com.mx\/sandbox\/wp-content\/uploads\/2022\/01\/Captura-de-pantalla-2022-01-28-a-las-9.47.21-214x90.png 214w, https:\/\/a3noticias.com.mx\/sandbox\/wp-content\/uploads\/2022\/01\/Captura-de-pantalla-2022-01-28-a-las-9.47.21-300x126.png 300w, https:\/\/a3noticias.com.mx\/sandbox\/wp-content\/uploads\/2022\/01\/Captura-de-pantalla-2022-01-28-a-las-9.47.21-768x324.png 768w, https:\/\/a3noticias.com.mx\/sandbox\/wp-content\/uploads\/2022\/01\/Captura-de-pantalla-2022-01-28-a-las-9.47.21.png 1182w\" sizes=\"auto, (max-width: 566px) 100vw, 566px\" \/><\/figure><\/div>\n","protected":false},"excerpt":{"rendered":"<p>El cantante Diego verdeguer falleci\u00f3 la noche de este jueves 27 de enero, en la Ciudad de Los \u00c1ngeles California a los 70 a\u00f1os de edad, inform\u00f3 la familia a &hellip; <a href=\"https:\/\/a3noticias.com.mx\/sandbox\/2022\/01\/28\/fallece-diego-verdaguer-a-causa-de-covid_19-a-los-70-anos\/\" class=\"more-link\">Leer m\u00e1s<\/a><\/p>\n","protected":false},"author":4,"featured_media":18507,"comment_status":"open","ping_status":"open","sticky":false,"template":"","format":"standard","meta":{"_monsterinsights_skip_tracking":false,"_monsterinsights_sitenote_active":false,"_monsterinsights_sitenote_note":"","_monsterinsights_sitenote_category":0,"footnotes":""},"categories":[13],"tags":[],"class_list":["post-18504","post","type-post","status-publish","format-standard","has-post-thumbnail","hentry","category-entretenimiento","entry"],"aioseo_notices":[],"_links":{"self":[{"href":"https:\/\/a3noticias.com.mx\/sandbox\/wp-json\/wp\/v2\/posts\/18504","targetHints":{"allow":["GET"]}}],"collection":[{"href":"https:\/\/a3noticias.com.mx\/sandbox\/wp-json\/wp\/v2\/posts"}],"about":[{"href":"https:\/\/a3noticias.com.mx\/sandbox\/wp-json\/wp\/v2\/types\/post"}],"author":[{"embeddable":true,"href":"https:\/\/a3noticias.com.mx\/sandbox\/wp-json\/wp\/v2\/users\/4"}],"replies":[{"embeddable":true,"href":"https:\/\/a3noticias.com.mx\/sandbox\/wp-json\/wp\/v2\/comments?post=18504"}],"version-history":[{"count":2,"href":"https:\/\/a3noticias.com.mx\/sandbox\/wp-json\/wp\/v2\/posts\/18504\/revisions"}],"predecessor-version":[{"id":18510,"href":"https:\/\/a3noticias.com.mx\/sandbox\/wp-json\/wp\/v2\/posts\/18504\/revisions\/18510"}],"wp:featuredmedia":[{"embeddable":true,"href":"https:\/\/a3noticias.com.mx\/sandbox\/wp-json\/wp\/v2\/media\/18507"}],"wp:attachment":[{"href":"https:\/\/a3noticias.com.mx\/sandbox\/wp-json\/wp\/v2\/media?parent=18504"}],"wp:term":[{"taxonomy":"category","embeddable":true,"href":"https:\/\/a3noticias.com.mx\/sandbox\/wp-json\/wp\/v2\/categories?post=18504"},{"taxonomy":"post_tag","embeddable":true,"href":"https:\/\/a3noticias.com.mx\/sandbox\/wp-json\/wp\/v2\/tags?post=18504"}],"curies":[{"name":"wp","href":"https:\/\/api.w.org\/{rel}","templated":true}]}}