{"id":18509,"date":"2022-01-28T09:55:40","date_gmt":"2022-01-28T15:55:40","guid":{"rendered":"https:\/\/a3noticias.com.mx\/sandbox\/?p=18509"},"modified":"2022-01-28T09:55:41","modified_gmt":"2022-01-28T15:55:41","slug":"tras-detencion-de-facundo-rosas-la-investigacion-rapido-y-furioso-sigue-abierta-amlo","status":"publish","type":"post","link":"https:\/\/a3noticias.com.mx\/sandbox\/2022\/01\/28\/tras-detencion-de-facundo-rosas-la-investigacion-rapido-y-furioso-sigue-abierta-amlo\/","title":{"rendered":"Tras detenci\u00f3n de Facundo Rosas, la investigaci\u00f3n &#8216;R\u00e1pido y Furioso&#8217; sigue abierta: AMLO."},"content":{"rendered":"\n<p>El presidente Andr\u00e9s Manuel L\u00f3pez Obrador inform\u00f3 a trav\u00e9s de la conferencia \u2018La Ma\u00f1anera\u2019 que la investigaci\u00f3n sobre la operaci\u00f3n &#8216;R\u00e1pido y Furioso&#8217; sigue abierta luego de la detenci\u00f3n de Facundo Rosas, funcionario ligado al ex secretario de Seguridad, Genaro Garc\u00eda Luna.&nbsp;&nbsp;<\/p>\n\n\n\n<blockquote class=\"wp-block-quote is-layout-flow wp-block-quote-is-layout-flow\"><p>\u00abEsa investigaci\u00f3n est\u00e1 abierta y presuntamente en ese grupo particip\u00f3 este se\u00f1or, junto con otros, eso es lo que puedo comentar\u00bb.\u00a0<\/p><\/blockquote>\n\n\n\n<p>El Jefe del Ejecutivo federal se\u00f1al\u00f3 que aunque no cuenta con toda la informaci\u00f3n, sabe que era parte de un grupo que actu\u00f3 cuando el operativo &#8216;R\u00e1pido y Furioso&#8217; en el gobierno del ex presidente Felipe Calder\u00f3n, se introdujeron armas ilegales de contrabando, \u00absupuestamente iban a permitir tener informaci\u00f3n para identificar y detener a los delincuentes\u00bb.&nbsp;&nbsp;<\/p>\n\n\n\n<blockquote class=\"wp-block-quote is-layout-flow wp-block-quote-is-layout-flow\"><p>\u201cLa delincuencia tuvo toda la informaci\u00f3n, era la \u00e9poca de Garc\u00eda Luna, entonces en vez de ser algo ben\u00e9fico se convirti\u00f3 en una tragedia porque utilizaron esas armas para asesinar a personas mexicanas y tambi\u00e9n extranjeros\u00bb<\/p><\/blockquote>\n\n\n\n<p>El mandatario se\u00f1al\u00f3 que en coordinaci\u00f3n con Estados Unidos, la fiscal\u00eda de M\u00e9xico envi\u00f3 la informaci\u00f3n y se dictaron \u00f3rdenes de aprehensi\u00f3n contra estas personas, ya que el expediente se hab\u00eda archivado en Estados Unidos.&nbsp;<\/p>\n\n\n\n<blockquote class=\"wp-block-quote is-layout-flow wp-block-quote-is-layout-flow\"><p>\u00abY ya poco a poco se ha ido conociendo que fue una acci\u00f3n concertada\u00bb.\u00a0 L\u00f3pez Obrador afirm\u00f3 que no se opone a que el FBI trabaje de manera coordinada en contra del crimen, pero tampoco \u00abpodemos permitir que se viole nuestra soberan\u00eda\u00bb.<\/p><\/blockquote>\n","protected":false},"excerpt":{"rendered":"<p>El presidente Andr\u00e9s Manuel L\u00f3pez Obrador inform\u00f3 a trav\u00e9s de la conferencia \u2018La Ma\u00f1anera\u2019 que la investigaci\u00f3n sobre la operaci\u00f3n &#8216;R\u00e1pido y Furioso&#8217; sigue abierta luego de la detenci\u00f3n de &hellip; <a href=\"https:\/\/a3noticias.com.mx\/sandbox\/2022\/01\/28\/tras-detencion-de-facundo-rosas-la-investigacion-rapido-y-furioso-sigue-abierta-amlo\/\" class=\"more-link\">Leer m\u00e1s<\/a><\/p>\n","protected":false},"author":2,"featured_media":18511,"comment_status":"open","ping_status":"open","sticky":false,"template":"","format":"standard","meta":{"_monsterinsights_skip_tracking":false,"_monsterinsights_sitenote_active":false,"_monsterinsights_sitenote_note":"","_monsterinsights_sitenote_category":0,"footnotes":""},"categories":[3],"tags":[],"class_list":["post-18509","post","type-post","status-publish","format-standard","has-post-thumbnail","hentry","category-nal","entry"],"aioseo_notices":[],"_links":{"self":[{"href":"https:\/\/a3noticias.com.mx\/sandbox\/wp-json\/wp\/v2\/posts\/18509","targetHints":{"allow":["GET"]}}],"collection":[{"href":"https:\/\/a3noticias.com.mx\/sandbox\/wp-json\/wp\/v2\/posts"}],"about":[{"href":"https:\/\/a3noticias.com.mx\/sandbox\/wp-json\/wp\/v2\/types\/post"}],"author":[{"embeddable":true,"href":"https:\/\/a3noticias.com.mx\/sandbox\/wp-json\/wp\/v2\/users\/2"}],"replies":[{"embeddable":true,"href":"https:\/\/a3noticias.com.mx\/sandbox\/wp-json\/wp\/v2\/comments?post=18509"}],"version-history":[{"count":1,"href":"https:\/\/a3noticias.com.mx\/sandbox\/wp-json\/wp\/v2\/posts\/18509\/revisions"}],"predecessor-version":[{"id":18512,"href":"https:\/\/a3noticias.com.mx\/sandbox\/wp-json\/wp\/v2\/posts\/18509\/revisions\/18512"}],"wp:featuredmedia":[{"embeddable":true,"href":"https:\/\/a3noticias.com.mx\/sandbox\/wp-json\/wp\/v2\/media\/18511"}],"wp:attachment":[{"href":"https:\/\/a3noticias.com.mx\/sandbox\/wp-json\/wp\/v2\/media?parent=18509"}],"wp:term":[{"taxonomy":"category","embeddable":true,"href":"https:\/\/a3noticias.com.mx\/sandbox\/wp-json\/wp\/v2\/categories?post=18509"},{"taxonomy":"post_tag","embeddable":true,"href":"https:\/\/a3noticias.com.mx\/sandbox\/wp-json\/wp\/v2\/tags?post=18509"}],"curies":[{"name":"wp","href":"https:\/\/api.w.org\/{rel}","templated":true}]}}