{"id":18516,"date":"2022-01-28T11:56:56","date_gmt":"2022-01-28T17:56:56","guid":{"rendered":"https:\/\/a3noticias.com.mx\/sandbox\/?p=18516"},"modified":"2022-01-28T11:56:58","modified_gmt":"2022-01-28T17:56:58","slug":"vacunacion-anticovid-para-ninos-no-llegara-pronto-pues-se-busca-priorizar-a-sectores-vulnerables-asegura-lopez-gatell","status":"publish","type":"post","link":"https:\/\/a3noticias.com.mx\/sandbox\/2022\/01\/28\/vacunacion-anticovid-para-ninos-no-llegara-pronto-pues-se-busca-priorizar-a-sectores-vulnerables-asegura-lopez-gatell\/","title":{"rendered":"Vacunaci\u00f3n anticovid para ni\u00f1os no llegar\u00e1 pronto, pues se busca priorizar a sectores vulnerables, asegura L\u00f3pez Gatell."},"content":{"rendered":"\n<p>El subsecretario de Prevenci\u00f3n y Promoci\u00f3n de la Salud, Hugo L\u00f3pez Gatell, refiri\u00f3 esta ma\u00f1ana durante la conferencia en Palacio Nacional, que por el momento no se tiene contemplado inmunizar contra el Covid-19 a menores de entre 5 a 14 a\u00f1os, pues la probabilidad de que el virus sea mortal para ellos es muy bajo, por el contrario, se busca reforzar los esquemas de vacunaci\u00f3n en adultos mayores y sectores vulnerables.<\/p>\n\n\n\n<p>Asegur\u00f3 que la pol\u00edtica de vacunaci\u00f3n est\u00e1 basada en las recomendaciones de la Organizaci\u00f3n Mundial de la Salud (OMS), quien prioriza el uso de las vacunas de acuerdo con las condiciones epidemiol\u00f3gicas de cada regi\u00f3n.<\/p>\n\n\n\n<p>Asimismo, se\u00f1al\u00f3 que las probabilidades de que un ni\u00f1o o ni\u00f1a en este rango de edad presente complicaciones por Covid-19 son muy bajas, siendo aproximadamente 274 veces menores que en personas adultas, exceptuando peque\u00f1os con comorbilidad.<\/p>\n\n\n\n<p>Asever\u00f3 que \u201cantes de implementar una estrategia para vacunar a ni\u00f1as, ni\u00f1os y adolescentes, hay que alcanzar cobertura alta de esquemas primarios y refuerzos. (\u2026) Es inconfundible la recomendaci\u00f3n de la OMS\u201d, sostuvo.<\/p>\n\n\n\n<p>Para esto, detall\u00f3 que la prioridad en el Plan Nacional de Vacunaci\u00f3n se contempla de la siguiente forma: m\u00e1xima que corresponde a la inoculaci\u00f3n de personas mayores de 65 a\u00f1os, personal de salud y personas con inmunosupresi\u00f3n; alta: que son adultos con comorbilidades, personas embarazadas, maestros y personas con desventajas socioecon\u00f3micas; media: que son el resto de los adultos y menores con comorbilidades y de baja: que son los ni\u00f1os sanos.&nbsp;<\/p>\n\n\n\n<blockquote class=\"wp-block-quote is-layout-flow wp-block-quote-is-layout-flow\"><p>\u201cTodas las personas son importantes, pero en t\u00e9rminos del riesgo de tener COVID grave y morir por COVID, que es el elemento principal de protecci\u00f3n de las vacunas COVID, se pueden reconocer estas prioridades\u201d, apunt\u00f3.<\/p><\/blockquote>\n\n\n\n<div class=\"wp-block-image\"><figure class=\"aligncenter size-large is-resized\"><img loading=\"lazy\" decoding=\"async\" src=\"https:\/\/a3noticias.com.mx\/sandbox\/wp-content\/uploads\/2022\/01\/Captura-de-pantalla-2022-01-28-a-las-11.55.08-120x90.png\" alt=\"\" class=\"wp-image-18517\" width=\"541\" height=\"406\" srcset=\"https:\/\/a3noticias.com.mx\/sandbox\/wp-content\/uploads\/2022\/01\/Captura-de-pantalla-2022-01-28-a-las-11.55.08-120x90.png 120w, https:\/\/a3noticias.com.mx\/sandbox\/wp-content\/uploads\/2022\/01\/Captura-de-pantalla-2022-01-28-a-las-11.55.08-300x226.png 300w, https:\/\/a3noticias.com.mx\/sandbox\/wp-content\/uploads\/2022\/01\/Captura-de-pantalla-2022-01-28-a-las-11.55.08-768x578.png 768w, https:\/\/a3noticias.com.mx\/sandbox\/wp-content\/uploads\/2022\/01\/Captura-de-pantalla-2022-01-28-a-las-11.55.08.png 1198w\" sizes=\"auto, (max-width: 541px) 100vw, 541px\" \/><\/figure><\/div>\n","protected":false},"excerpt":{"rendered":"<p>El subsecretario de Prevenci\u00f3n y Promoci\u00f3n de la Salud, Hugo L\u00f3pez Gatell, refiri\u00f3 esta ma\u00f1ana durante la conferencia en Palacio Nacional, que por el momento no se tiene contemplado inmunizar &hellip; <a href=\"https:\/\/a3noticias.com.mx\/sandbox\/2022\/01\/28\/vacunacion-anticovid-para-ninos-no-llegara-pronto-pues-se-busca-priorizar-a-sectores-vulnerables-asegura-lopez-gatell\/\" class=\"more-link\">Leer m\u00e1s<\/a><\/p>\n","protected":false},"author":4,"featured_media":18518,"comment_status":"open","ping_status":"open","sticky":false,"template":"","format":"standard","meta":{"_monsterinsights_skip_tracking":false,"_monsterinsights_sitenote_active":false,"_monsterinsights_sitenote_note":"","_monsterinsights_sitenote_category":0,"footnotes":""},"categories":[3],"tags":[],"class_list":["post-18516","post","type-post","status-publish","format-standard","has-post-thumbnail","hentry","category-nal","entry"],"aioseo_notices":[],"_links":{"self":[{"href":"https:\/\/a3noticias.com.mx\/sandbox\/wp-json\/wp\/v2\/posts\/18516","targetHints":{"allow":["GET"]}}],"collection":[{"href":"https:\/\/a3noticias.com.mx\/sandbox\/wp-json\/wp\/v2\/posts"}],"about":[{"href":"https:\/\/a3noticias.com.mx\/sandbox\/wp-json\/wp\/v2\/types\/post"}],"author":[{"embeddable":true,"href":"https:\/\/a3noticias.com.mx\/sandbox\/wp-json\/wp\/v2\/users\/4"}],"replies":[{"embeddable":true,"href":"https:\/\/a3noticias.com.mx\/sandbox\/wp-json\/wp\/v2\/comments?post=18516"}],"version-history":[{"count":1,"href":"https:\/\/a3noticias.com.mx\/sandbox\/wp-json\/wp\/v2\/posts\/18516\/revisions"}],"predecessor-version":[{"id":18519,"href":"https:\/\/a3noticias.com.mx\/sandbox\/wp-json\/wp\/v2\/posts\/18516\/revisions\/18519"}],"wp:featuredmedia":[{"embeddable":true,"href":"https:\/\/a3noticias.com.mx\/sandbox\/wp-json\/wp\/v2\/media\/18518"}],"wp:attachment":[{"href":"https:\/\/a3noticias.com.mx\/sandbox\/wp-json\/wp\/v2\/media?parent=18516"}],"wp:term":[{"taxonomy":"category","embeddable":true,"href":"https:\/\/a3noticias.com.mx\/sandbox\/wp-json\/wp\/v2\/categories?post=18516"},{"taxonomy":"post_tag","embeddable":true,"href":"https:\/\/a3noticias.com.mx\/sandbox\/wp-json\/wp\/v2\/tags?post=18516"}],"curies":[{"name":"wp","href":"https:\/\/api.w.org\/{rel}","templated":true}]}}