{"id":18540,"date":"2022-01-29T09:01:01","date_gmt":"2022-01-29T15:01:01","guid":{"rendered":"https:\/\/a3noticias.com.mx\/sandbox\/?p=18540"},"modified":"2022-01-29T09:01:03","modified_gmt":"2022-01-29T15:01:03","slug":"luchadores-queretanos-buscan-lugar-en-selecciones-nacionales","status":"publish","type":"post","link":"https:\/\/a3noticias.com.mx\/sandbox\/2022\/01\/29\/luchadores-queretanos-buscan-lugar-en-selecciones-nacionales\/","title":{"rendered":"Luchadores queretanos buscan lugar en selecciones nacionales"},"content":{"rendered":"\n<p>Este fin de semana se llevar\u00e1 a cabo el segundo Campeonato Nacional de Luchas Asociadas en Guadalajara, Jalisco, en las categor\u00edas desde escolar hasta senior, algunos atletas como: Karla Acosta, Luis Rivera, Jorge Olvera, Alexis Olvera, en adultos; los juveniles, Diego Olvera, H\u00e9ctor Garc\u00eda, Yered Vargas, Daniela Rojas, entre otros, buscan consolidar su lugar en selecci\u00f3n nacional.<\/p>\n\n\n\n<blockquote class=\"wp-block-quote is-style-large is-layout-flow wp-block-quote-is-layout-flow\"><p>\u201cVamos con el mejor \u00e1nimo de todos, y con la intenci\u00f3n de representar a nuestra sociedad dignamente, y poner el nombre de Quer\u00e9taro en alto\u201d, se\u00f1al\u00f3 Alexis Olvera, entrenador estatal y atleta.<\/p><\/blockquote>\n\n\n\n<p>Los luchadores de estilo libre salieron el pasado jueves; este viernes viajaron los de estilo greco; y \u00e9ste s\u00e1bado, el equipo femenil estar\u00e1 viajando a Guadalajara rumbo a este compromiso que es el segundo m\u00e1s importante de cara a los eventos nacionales.<\/p>\n\n\n\n<blockquote class=\"wp-block-quote is-style-large is-layout-flow wp-block-quote-is-layout-flow\"><p>\u201cMe siento preparado y listo para dar lo mejor de m\u00ed en este evento. Mi principal rival es\u00a0 el luchador de Jalisco y el de Quintana Roo. Voy con expectativas de quedarme con el primer lugar, voy a dejar el coraz\u00f3n en el colch\u00f3n\u201d, explic\u00f3 H\u00e9ctor Garc\u00eda, luchador de la divisi\u00f3n de los 97 kilogramos.<\/p><\/blockquote>\n","protected":false},"excerpt":{"rendered":"<p>Este fin de semana se llevar\u00e1 a cabo el segundo Campeonato Nacional de Luchas Asociadas en Guadalajara, Jalisco, en las categor\u00edas desde escolar hasta senior, algunos atletas como: Karla Acosta, &hellip; <a href=\"https:\/\/a3noticias.com.mx\/sandbox\/2022\/01\/29\/luchadores-queretanos-buscan-lugar-en-selecciones-nacionales\/\" class=\"more-link\">Leer m\u00e1s<\/a><\/p>\n","protected":false},"author":4,"featured_media":18541,"comment_status":"open","ping_status":"open","sticky":false,"template":"","format":"standard","meta":{"_monsterinsights_skip_tracking":false,"_monsterinsights_sitenote_active":false,"_monsterinsights_sitenote_note":"","_monsterinsights_sitenote_category":0,"footnotes":""},"categories":[5,2],"tags":[],"class_list":["post-18540","post","type-post","status-publish","format-standard","has-post-thumbnail","hentry","category-sports","category-qro","entry"],"aioseo_notices":[],"_links":{"self":[{"href":"https:\/\/a3noticias.com.mx\/sandbox\/wp-json\/wp\/v2\/posts\/18540","targetHints":{"allow":["GET"]}}],"collection":[{"href":"https:\/\/a3noticias.com.mx\/sandbox\/wp-json\/wp\/v2\/posts"}],"about":[{"href":"https:\/\/a3noticias.com.mx\/sandbox\/wp-json\/wp\/v2\/types\/post"}],"author":[{"embeddable":true,"href":"https:\/\/a3noticias.com.mx\/sandbox\/wp-json\/wp\/v2\/users\/4"}],"replies":[{"embeddable":true,"href":"https:\/\/a3noticias.com.mx\/sandbox\/wp-json\/wp\/v2\/comments?post=18540"}],"version-history":[{"count":1,"href":"https:\/\/a3noticias.com.mx\/sandbox\/wp-json\/wp\/v2\/posts\/18540\/revisions"}],"predecessor-version":[{"id":18542,"href":"https:\/\/a3noticias.com.mx\/sandbox\/wp-json\/wp\/v2\/posts\/18540\/revisions\/18542"}],"wp:featuredmedia":[{"embeddable":true,"href":"https:\/\/a3noticias.com.mx\/sandbox\/wp-json\/wp\/v2\/media\/18541"}],"wp:attachment":[{"href":"https:\/\/a3noticias.com.mx\/sandbox\/wp-json\/wp\/v2\/media?parent=18540"}],"wp:term":[{"taxonomy":"category","embeddable":true,"href":"https:\/\/a3noticias.com.mx\/sandbox\/wp-json\/wp\/v2\/categories?post=18540"},{"taxonomy":"post_tag","embeddable":true,"href":"https:\/\/a3noticias.com.mx\/sandbox\/wp-json\/wp\/v2\/tags?post=18540"}],"curies":[{"name":"wp","href":"https:\/\/api.w.org\/{rel}","templated":true}]}}