{"id":18581,"date":"2022-02-05T10:00:00","date_gmt":"2022-02-05T16:00:00","guid":{"rendered":"https:\/\/a3noticias.com.mx\/sandbox\/?p=18581"},"modified":"2022-01-31T17:14:38","modified_gmt":"2022-01-31T23:14:38","slug":"historias-de-ayer-mercado-de-la-cruz","status":"publish","type":"post","link":"https:\/\/a3noticias.com.mx\/sandbox\/2022\/02\/05\/historias-de-ayer-mercado-de-la-cruz\/","title":{"rendered":"Historias de ayer: Mercado de la cruz"},"content":{"rendered":"\n<p>El tradicional mercado Josefa Ort\u00edz de Dominguez, mejor conocido por los queretanos como \u201cmercado de la Cruz\u201d,&nbsp; fue inaugurado el 12 de noviembre de 1979 y pocos saben que antes de ser nombrado as\u00ed, tambi\u00e9n se le conoc\u00eda como \u201cel mercado de abajo\u201d debido a su ubicaci\u00f3n en la ahora Plaza Fundadores.<\/p>\n\n\n\n<p>Empez\u00f3 como un peque\u00f1o tianguis ubicado frente al templo de la Santa Cruz, donde acud\u00edan vendedores provenientes de poblados cercanos a la ciudad a colocar sus peque\u00f1os puestos en mantas, alrededor de la fuente de \u201cla placita\u201d, hoy Plaza Fundadores.<\/p>\n\n\n\n<p>Tiempo despu\u00e9s, al tianguis fueron llegando m\u00e1s vendedores y con ello mayor afluencia de compradores, por lo que de ser un peque\u00f1o tianguis, pas\u00f3 a convertirse en un precario mercado con techos de madera y l\u00e1mina, donde resultaba dif\u00edcil desplazarse entre los puestos, debido al hacinamiento en el que se encontraban.<\/p>\n\n\n\n<div class=\"wp-block-image\"><figure class=\"aligncenter size-large is-resized\"><img loading=\"lazy\" decoding=\"async\" src=\"https:\/\/a3noticias.com.mx\/sandbox\/wp-content\/uploads\/2022\/01\/Mercado-de-La-Cruz-1-126x90.jpeg\" alt=\"\" class=\"wp-image-18584\" width=\"539\" height=\"385\" srcset=\"https:\/\/a3noticias.com.mx\/sandbox\/wp-content\/uploads\/2022\/01\/Mercado-de-La-Cruz-1-126x90.jpeg 126w, https:\/\/a3noticias.com.mx\/sandbox\/wp-content\/uploads\/2022\/01\/Mercado-de-La-Cruz-1-300x214.jpeg 300w, https:\/\/a3noticias.com.mx\/sandbox\/wp-content\/uploads\/2022\/01\/Mercado-de-La-Cruz-1-768x549.jpeg 768w, https:\/\/a3noticias.com.mx\/sandbox\/wp-content\/uploads\/2022\/01\/Mercado-de-La-Cruz-1.jpeg 816w\" sizes=\"auto, (max-width: 539px) 100vw, 539px\" \/><figcaption>Nave hecha de madera.<\/figcaption><\/figure><\/div>\n\n\n\n<p>Fue hasta 1979 cuando el entonces presidente municipal de la capital,&nbsp;Mariano Palacios Alcocer&nbsp;y el gobernador&nbsp;Antonio Calzada Urquiza, inauguraron de manera formal el mercado \u201cJosefa Ortiz de Dom\u00ednguez\u201d, en la calle 15 de Mayo, en el primer cuadro de la ciudad, ante la demanda de los tianguistas de tener un espacio digno d\u00f3nde vender sus productos.<\/p>\n\n\n\n<p>Sin embargo, el mercado sigue creciendo, de tal forma que existe un tianguis dominical instalado en el estacionamiento del recinto, que permite tener a\u00fan m\u00e1s variedad de productos a sus visitantes.<\/p>\n\n\n\n<div class=\"wp-block-image\"><figure class=\"aligncenter size-large is-resized\"><img loading=\"lazy\" decoding=\"async\" src=\"https:\/\/a3noticias.com.mx\/sandbox\/wp-content\/uploads\/2022\/01\/Mercado-de-la-Cruz-4-129x90.jpeg\" alt=\"\" class=\"wp-image-18585\" width=\"551\" height=\"384\" srcset=\"https:\/\/a3noticias.com.mx\/sandbox\/wp-content\/uploads\/2022\/01\/Mercado-de-la-Cruz-4-129x90.jpeg 129w, https:\/\/a3noticias.com.mx\/sandbox\/wp-content\/uploads\/2022\/01\/Mercado-de-la-Cruz-4-300x209.jpeg 300w, https:\/\/a3noticias.com.mx\/sandbox\/wp-content\/uploads\/2022\/01\/Mercado-de-la-Cruz-4-768x535.jpeg 768w, https:\/\/a3noticias.com.mx\/sandbox\/wp-content\/uploads\/2022\/01\/Mercado-de-la-Cruz-4.jpeg 816w\" sizes=\"auto, (max-width: 551px) 100vw, 551px\" \/><figcaption>Panor\u00e1mica de la ciudad donde se ve el mercado de la Cruz con toldos de madera y de tela. A lo lejos se ven algunas torres y c\u00fapulas de iglesias.<\/figcaption><\/figure><\/div>\n","protected":false},"excerpt":{"rendered":"<p>El tradicional mercado Josefa Ort\u00edz de Dominguez, mejor conocido por los queretanos como \u201cmercado de la Cruz\u201d,&nbsp; fue inaugurado el 12 de noviembre de 1979 y pocos saben que antes &hellip; <a href=\"https:\/\/a3noticias.com.mx\/sandbox\/2022\/02\/05\/historias-de-ayer-mercado-de-la-cruz\/\" class=\"more-link\">Leer m\u00e1s<\/a><\/p>\n","protected":false},"author":4,"featured_media":18582,"comment_status":"open","ping_status":"open","sticky":false,"template":"","format":"standard","meta":{"_monsterinsights_skip_tracking":false,"_monsterinsights_sitenote_active":false,"_monsterinsights_sitenote_note":"","_monsterinsights_sitenote_category":0,"footnotes":""},"categories":[9],"tags":[],"class_list":["post-18581","post","type-post","status-publish","format-standard","has-post-thumbnail","hentry","category-cultura","entry"],"aioseo_notices":[],"_links":{"self":[{"href":"https:\/\/a3noticias.com.mx\/sandbox\/wp-json\/wp\/v2\/posts\/18581","targetHints":{"allow":["GET"]}}],"collection":[{"href":"https:\/\/a3noticias.com.mx\/sandbox\/wp-json\/wp\/v2\/posts"}],"about":[{"href":"https:\/\/a3noticias.com.mx\/sandbox\/wp-json\/wp\/v2\/types\/post"}],"author":[{"embeddable":true,"href":"https:\/\/a3noticias.com.mx\/sandbox\/wp-json\/wp\/v2\/users\/4"}],"replies":[{"embeddable":true,"href":"https:\/\/a3noticias.com.mx\/sandbox\/wp-json\/wp\/v2\/comments?post=18581"}],"version-history":[{"count":1,"href":"https:\/\/a3noticias.com.mx\/sandbox\/wp-json\/wp\/v2\/posts\/18581\/revisions"}],"predecessor-version":[{"id":18586,"href":"https:\/\/a3noticias.com.mx\/sandbox\/wp-json\/wp\/v2\/posts\/18581\/revisions\/18586"}],"wp:featuredmedia":[{"embeddable":true,"href":"https:\/\/a3noticias.com.mx\/sandbox\/wp-json\/wp\/v2\/media\/18582"}],"wp:attachment":[{"href":"https:\/\/a3noticias.com.mx\/sandbox\/wp-json\/wp\/v2\/media?parent=18581"}],"wp:term":[{"taxonomy":"category","embeddable":true,"href":"https:\/\/a3noticias.com.mx\/sandbox\/wp-json\/wp\/v2\/categories?post=18581"},{"taxonomy":"post_tag","embeddable":true,"href":"https:\/\/a3noticias.com.mx\/sandbox\/wp-json\/wp\/v2\/tags?post=18581"}],"curies":[{"name":"wp","href":"https:\/\/api.w.org\/{rel}","templated":true}]}}