{"id":18594,"date":"2022-02-01T10:37:41","date_gmt":"2022-02-01T16:37:41","guid":{"rendered":"https:\/\/a3noticias.com.mx\/sandbox\/?p=18594"},"modified":"2022-02-01T10:37:43","modified_gmt":"2022-02-01T16:37:43","slug":"cuarta-ola-se-encuentra-en-descenso-afirma-lopez-gatell","status":"publish","type":"post","link":"https:\/\/a3noticias.com.mx\/sandbox\/2022\/02\/01\/cuarta-ola-se-encuentra-en-descenso-afirma-lopez-gatell\/","title":{"rendered":"Cuarta ola se encuentra en descenso, afirma L\u00f3pez Gatell"},"content":{"rendered":"\n<p>El pico m\u00e1ximo de la cuarta ola de contagios de la pandemia de Covid-19, se encuentra en fase de descenso, asegur\u00f3 el Subsecretario de Salud, Hugo L\u00f3pez Gatell.<\/p>\n\n\n\n<p>Durante la conferencia matutina de este martes, L\u00f3pez Gatell detall\u00f3 que la cuarta ola causada en mayor medida por la variante dominante \u00d3micron, se encuentra a a baja, pues se abri\u00f3 la quinta semana del a\u00f1o con una reducci\u00f3n del 31 por ciento en casos estimados.<\/p>\n\n\n\n<p>Explic\u00f3 que la conclusi\u00f3n de que esta cuarta ola se encuentra en descenso se deriva de los datos obtenidos por la Secretar\u00eda de Salud, en cuanto a la reducci\u00f3n de la ocupaci\u00f3n hospitalaria, la disminuci\u00f3n de las incapacidades temporales laborales solicitadas por los trabajadores, as\u00ed como el \u00edndice de positividad.<\/p>\n\n\n\n<blockquote class=\"wp-block-quote is-layout-flow wp-block-quote-is-layout-flow\"><p>\u201cSon varias se\u00f1ales que nos muestran que ya llegamos al punto ACME y hemos pasado al punto m\u00e1ximo de esta cuarta ola de Covid-19 en M\u00e9xico, dominada por la variante \u00d3micron, y ya nos encontramos en la fase de descenso\u201d, apunt\u00f3.<\/p><\/blockquote>\n\n\n\n<p>Destac\u00f3 que se preve que en las pr\u00f3ximas semanas esta fase de descenso se mantenga a una velocidad semejante al ascenso, ya que esta variante tiene periodos de enfermedad m\u00e1s cortos.<\/p>\n\n\n\n<p>Sin embargo, explic\u00f3 que la mortalidad contin\u00faa con una tendencia a la alza, debido a que las personas hospitalizadas han permanecido m\u00e1s tiempo y algunas de ellas han fallecido.&nbsp;<\/p>\n\n\n\n<p>Resalt\u00f3 que esta fase de la pandemia se ha caracterizado por afectar en mayor medida a quienes no se han vacunado o no cuentan con el esquema de vacunaci\u00f3n completo.<\/p>\n\n\n\n<p>Hasta ayer lunes, la&nbsp;Secretar\u00eda de Salud report\u00f3 un total de 4 millones 942 mil 590, casos acumulados en M\u00e9xico, as\u00ed como 306 mil 91&nbsp;muertes&nbsp;por&nbsp;Covid-19.<\/p>\n","protected":false},"excerpt":{"rendered":"<p>El pico m\u00e1ximo de la cuarta ola de contagios de la pandemia de Covid-19, se encuentra en fase de descenso, asegur\u00f3 el Subsecretario de Salud, Hugo L\u00f3pez Gatell. Durante la &hellip; <a href=\"https:\/\/a3noticias.com.mx\/sandbox\/2022\/02\/01\/cuarta-ola-se-encuentra-en-descenso-afirma-lopez-gatell\/\" class=\"more-link\">Leer m\u00e1s<\/a><\/p>\n","protected":false},"author":4,"featured_media":18595,"comment_status":"open","ping_status":"open","sticky":false,"template":"","format":"standard","meta":{"_monsterinsights_skip_tracking":false,"_monsterinsights_sitenote_active":false,"_monsterinsights_sitenote_note":"","_monsterinsights_sitenote_category":0,"footnotes":""},"categories":[3],"tags":[],"class_list":["post-18594","post","type-post","status-publish","format-standard","has-post-thumbnail","hentry","category-nal","entry"],"aioseo_notices":[],"_links":{"self":[{"href":"https:\/\/a3noticias.com.mx\/sandbox\/wp-json\/wp\/v2\/posts\/18594","targetHints":{"allow":["GET"]}}],"collection":[{"href":"https:\/\/a3noticias.com.mx\/sandbox\/wp-json\/wp\/v2\/posts"}],"about":[{"href":"https:\/\/a3noticias.com.mx\/sandbox\/wp-json\/wp\/v2\/types\/post"}],"author":[{"embeddable":true,"href":"https:\/\/a3noticias.com.mx\/sandbox\/wp-json\/wp\/v2\/users\/4"}],"replies":[{"embeddable":true,"href":"https:\/\/a3noticias.com.mx\/sandbox\/wp-json\/wp\/v2\/comments?post=18594"}],"version-history":[{"count":1,"href":"https:\/\/a3noticias.com.mx\/sandbox\/wp-json\/wp\/v2\/posts\/18594\/revisions"}],"predecessor-version":[{"id":18596,"href":"https:\/\/a3noticias.com.mx\/sandbox\/wp-json\/wp\/v2\/posts\/18594\/revisions\/18596"}],"wp:featuredmedia":[{"embeddable":true,"href":"https:\/\/a3noticias.com.mx\/sandbox\/wp-json\/wp\/v2\/media\/18595"}],"wp:attachment":[{"href":"https:\/\/a3noticias.com.mx\/sandbox\/wp-json\/wp\/v2\/media?parent=18594"}],"wp:term":[{"taxonomy":"category","embeddable":true,"href":"https:\/\/a3noticias.com.mx\/sandbox\/wp-json\/wp\/v2\/categories?post=18594"},{"taxonomy":"post_tag","embeddable":true,"href":"https:\/\/a3noticias.com.mx\/sandbox\/wp-json\/wp\/v2\/tags?post=18594"}],"curies":[{"name":"wp","href":"https:\/\/api.w.org\/{rel}","templated":true}]}}