{"id":18604,"date":"2022-02-01T13:07:53","date_gmt":"2022-02-01T19:07:53","guid":{"rendered":"https:\/\/a3noticias.com.mx\/sandbox\/?p=18604"},"modified":"2022-02-01T13:17:42","modified_gmt":"2022-02-01T19:17:42","slug":"lanza-ine-campana-de-actualizacion-de-la-lista-nominal-por-revocacion-de-mandato","status":"publish","type":"post","link":"https:\/\/a3noticias.com.mx\/sandbox\/2022\/02\/01\/lanza-ine-campana-de-actualizacion-de-la-lista-nominal-por-revocacion-de-mandato\/","title":{"rendered":"Lanza INE campa\u00f1a de actualizaci\u00f3n de la Lista Nominal por revocaci\u00f3n de mandato"},"content":{"rendered":"\n<p>El pr\u00f3ximo 10 de abril ser\u00e1 llevada a cabo la Jornada de Revocaci\u00f3n de Mandato del presidente electo de los Estados Unidos Mexicanos, para el periodo Constitucional 2018-2024, por lo que el Instituto Nacional Electoral emiti\u00f3 las fechas para la inscripci\u00f3n al padr\u00f3n Padr\u00f3n Electoral y actualizaci\u00f3n de la Lista Nominal.<\/p>\n\n\n\n<p>Por ello, el Instituto detall\u00f3 que a partir de este 5 y hasta el 15 de febrero, se realizar\u00e1n las inscripciones al Padr\u00f3n Electoral a los j\u00f3venes mexicanos que est\u00e9n pr\u00f3ximos a cumplir 18 a\u00f1os, sea que los cumplan antes o el mismo d\u00eda de la revocaci\u00f3n de mandato.<\/p>\n\n\n\n<p>Asimismo, la dependencia inform\u00f3 que para quienes deseen solicitar la reposici\u00f3n de su Credencial para Votar por robo, extrav\u00edo o deterioro grave, tienen como fecha l\u00edmite hasta el 17 de febrero.<\/p>\n\n\n\n<p>Para quienes hayan realizado su tr\u00e1mite dentro de las temporalidades antes mencionadas, sus INE les ser\u00e1n entregadas el 2 de marzo.<\/p>\n\n\n\n<p>Los interesados podr\u00e1n realizar su cita en l\u00ednea a trav\u00e9s de la p\u00e1gina del Instituto Nacional Electoral (INE),&nbsp;<a href=\"http:\/\/www.ine.mx\">www.ine.mx<\/a>, o bien, comunicarse al tel\u00e9fono <strong>800 433 2000.<\/strong><\/p>\n\n\n\n<p>La documentaci\u00f3n que se deber\u00e1 presentar para tramitar la credencial para Votar con fotograf\u00eda es la siguiente:<\/p>\n\n\n\n<ul class=\"wp-block-list\"><li>Acta de nacimiento original y\/o certificada<\/li><\/ul>\n\n\n\n<ul class=\"wp-block-list\"><li>Comprobante de domicilio con vigencia menor a tres meses<\/li><\/ul>\n\n\n\n<ul class=\"wp-block-list\"><li>Identificaci\u00f3n con fotograf\u00eda<\/li><\/ul>\n","protected":false},"excerpt":{"rendered":"<p>El pr\u00f3ximo 10 de abril ser\u00e1 llevada a cabo la Jornada de Revocaci\u00f3n de Mandato del presidente electo de los Estados Unidos Mexicanos, para el periodo Constitucional 2018-2024, por lo &hellip; <a href=\"https:\/\/a3noticias.com.mx\/sandbox\/2022\/02\/01\/lanza-ine-campana-de-actualizacion-de-la-lista-nominal-por-revocacion-de-mandato\/\" class=\"more-link\">Leer m\u00e1s<\/a><\/p>\n","protected":false},"author":4,"featured_media":18617,"comment_status":"open","ping_status":"open","sticky":false,"template":"","format":"standard","meta":{"_monsterinsights_skip_tracking":false,"_monsterinsights_sitenote_active":false,"_monsterinsights_sitenote_note":"","_monsterinsights_sitenote_category":0,"footnotes":""},"categories":[3],"tags":[],"class_list":["post-18604","post","type-post","status-publish","format-standard","has-post-thumbnail","hentry","category-nal","entry"],"aioseo_notices":[],"_links":{"self":[{"href":"https:\/\/a3noticias.com.mx\/sandbox\/wp-json\/wp\/v2\/posts\/18604","targetHints":{"allow":["GET"]}}],"collection":[{"href":"https:\/\/a3noticias.com.mx\/sandbox\/wp-json\/wp\/v2\/posts"}],"about":[{"href":"https:\/\/a3noticias.com.mx\/sandbox\/wp-json\/wp\/v2\/types\/post"}],"author":[{"embeddable":true,"href":"https:\/\/a3noticias.com.mx\/sandbox\/wp-json\/wp\/v2\/users\/4"}],"replies":[{"embeddable":true,"href":"https:\/\/a3noticias.com.mx\/sandbox\/wp-json\/wp\/v2\/comments?post=18604"}],"version-history":[{"count":4,"href":"https:\/\/a3noticias.com.mx\/sandbox\/wp-json\/wp\/v2\/posts\/18604\/revisions"}],"predecessor-version":[{"id":18618,"href":"https:\/\/a3noticias.com.mx\/sandbox\/wp-json\/wp\/v2\/posts\/18604\/revisions\/18618"}],"wp:featuredmedia":[{"embeddable":true,"href":"https:\/\/a3noticias.com.mx\/sandbox\/wp-json\/wp\/v2\/media\/18617"}],"wp:attachment":[{"href":"https:\/\/a3noticias.com.mx\/sandbox\/wp-json\/wp\/v2\/media?parent=18604"}],"wp:term":[{"taxonomy":"category","embeddable":true,"href":"https:\/\/a3noticias.com.mx\/sandbox\/wp-json\/wp\/v2\/categories?post=18604"},{"taxonomy":"post_tag","embeddable":true,"href":"https:\/\/a3noticias.com.mx\/sandbox\/wp-json\/wp\/v2\/tags?post=18604"}],"curies":[{"name":"wp","href":"https:\/\/api.w.org\/{rel}","templated":true}]}}