{"id":18606,"date":"2022-02-01T13:00:45","date_gmt":"2022-02-01T19:00:45","guid":{"rendered":"https:\/\/a3noticias.com.mx\/sandbox\/?p=18606"},"modified":"2022-02-01T13:00:47","modified_gmt":"2022-02-01T19:00:47","slug":"kuri-gonzalez-confirma-que-sera-dado-de-alta-este-miercoles-asistira-a-evento-con-el-presidente","status":"publish","type":"post","link":"https:\/\/a3noticias.com.mx\/sandbox\/2022\/02\/01\/kuri-gonzalez-confirma-que-sera-dado-de-alta-este-miercoles-asistira-a-evento-con-el-presidente\/","title":{"rendered":"Kuri Gonz\u00e1lez confirma que ser\u00e1 dado de alta este mi\u00e9rcoles. Asistir\u00e1 a evento con el presidente."},"content":{"rendered":"\n<p>El gobernador del estado, Mauricio Kuri Gonz\u00e1lez, luego de haber dado positivo a Covid-19 en d\u00edas pasados, hoy confirm\u00f3 que est\u00e1 en su \u00faltimo d\u00eda de reposo, por lo que ser\u00e1 este mi\u00e9rcoles cuando reciba el alta m\u00e9dica para reincorporarse a sus actividades presenciales.<\/p>\n\n\n\n<blockquote class=\"wp-block-quote is-layout-flow wp-block-quote-is-layout-flow\"><p>\u201cDe salud estoy bien, ya ma\u00f1ana salgo. Estoy este martes trabajando desde casa, ya ma\u00f1ana ya salgo\u201d.<\/p><\/blockquote>\n\n\n\n<p>Se\u00f1al\u00f3 que estar\u00e1 presente en el evento por el 105 Aniversario de la Promulgaci\u00f3n de la Constituci\u00f3n Mexicana a celebrarse en el Teatro de la Rep\u00fablica este 5 de febrero y en compa\u00f1\u00eda del presidente Andr\u00e9s Manuel L\u00f3pez Obrador.<\/p>\n\n\n\n<blockquote class=\"wp-block-quote is-layout-flow wp-block-quote-is-layout-flow\"><p>\u201cEl 5 de febrero s\u00ed estar\u00e9 recibiendo al se\u00f1or presidente de la Rep\u00fablica para el festejo del 5 de febrero\u201d.<\/p><\/blockquote>\n","protected":false},"excerpt":{"rendered":"<p>El gobernador del estado, Mauricio Kuri Gonz\u00e1lez, luego de haber dado positivo a Covid-19 en d\u00edas pasados, hoy confirm\u00f3 que est\u00e1 en su \u00faltimo d\u00eda de reposo, por lo que &hellip; <a href=\"https:\/\/a3noticias.com.mx\/sandbox\/2022\/02\/01\/kuri-gonzalez-confirma-que-sera-dado-de-alta-este-miercoles-asistira-a-evento-con-el-presidente\/\" class=\"more-link\">Leer m\u00e1s<\/a><\/p>\n","protected":false},"author":2,"featured_media":18608,"comment_status":"open","ping_status":"open","sticky":false,"template":"","format":"standard","meta":{"_monsterinsights_skip_tracking":false,"_monsterinsights_sitenote_active":false,"_monsterinsights_sitenote_note":"","_monsterinsights_sitenote_category":0,"footnotes":""},"categories":[2],"tags":[],"class_list":["post-18606","post","type-post","status-publish","format-standard","has-post-thumbnail","hentry","category-qro","entry"],"aioseo_notices":[],"_links":{"self":[{"href":"https:\/\/a3noticias.com.mx\/sandbox\/wp-json\/wp\/v2\/posts\/18606","targetHints":{"allow":["GET"]}}],"collection":[{"href":"https:\/\/a3noticias.com.mx\/sandbox\/wp-json\/wp\/v2\/posts"}],"about":[{"href":"https:\/\/a3noticias.com.mx\/sandbox\/wp-json\/wp\/v2\/types\/post"}],"author":[{"embeddable":true,"href":"https:\/\/a3noticias.com.mx\/sandbox\/wp-json\/wp\/v2\/users\/2"}],"replies":[{"embeddable":true,"href":"https:\/\/a3noticias.com.mx\/sandbox\/wp-json\/wp\/v2\/comments?post=18606"}],"version-history":[{"count":1,"href":"https:\/\/a3noticias.com.mx\/sandbox\/wp-json\/wp\/v2\/posts\/18606\/revisions"}],"predecessor-version":[{"id":18609,"href":"https:\/\/a3noticias.com.mx\/sandbox\/wp-json\/wp\/v2\/posts\/18606\/revisions\/18609"}],"wp:featuredmedia":[{"embeddable":true,"href":"https:\/\/a3noticias.com.mx\/sandbox\/wp-json\/wp\/v2\/media\/18608"}],"wp:attachment":[{"href":"https:\/\/a3noticias.com.mx\/sandbox\/wp-json\/wp\/v2\/media?parent=18606"}],"wp:term":[{"taxonomy":"category","embeddable":true,"href":"https:\/\/a3noticias.com.mx\/sandbox\/wp-json\/wp\/v2\/categories?post=18606"},{"taxonomy":"post_tag","embeddable":true,"href":"https:\/\/a3noticias.com.mx\/sandbox\/wp-json\/wp\/v2\/tags?post=18606"}],"curies":[{"name":"wp","href":"https:\/\/api.w.org\/{rel}","templated":true}]}}